{"id":9387,"date":"2023-02-03T13:14:28","date_gmt":"2023-02-03T12:14:28","guid":{"rendered":"https:\/\/fdp-aktiv.de\/blog\/?p=9387"},"modified":"2023-02-03T13:14:28","modified_gmt":"2023-02-03T12:14:28","slug":"fdp-legt-neues-waldgesetz-fuer-thueringen-vor","status":"publish","type":"post","link":"https:\/\/fdp-aktiv.de\/blog\/2023\/02\/03\/fdp-legt-neues-waldgesetz-fuer-thueringen-vor\/","title":{"rendered":"FDP legt neues Waldgesetz f\u00fcr Th\u00fcringen vor"},"content":{"rendered":"<div class=\"clearfix text-formatted field field--name-body field--type-text-with-summary field--label-hidden field__item\">\n<p><strong>Dirk Bergner: Wir stehen weiterhin daf\u00fcr ein, dass in W\u00e4ldern keine Windr\u00e4der errichtet werden<\/strong><\/p>\n<p>Als Reaktion auf den Beschluss des Bundesverfassungsgericht vom 27. September 2022 hat die FDP im Th\u00fcringer Landtag heute einen Gesetzentwurf zur \u00c4nderung des Th\u00fcringer Waldgesetzes eingebracht.<\/p>\n<figure id=\"attachment_3215\" aria-describedby=\"caption-attachment-3215\" style=\"width: 800px\" class=\"wp-caption aligncenter\"><a href=\"https:\/\/fdp-aktiv.de\/blog\/wp-content\/uploads\/2021\/11\/forest-3622519_1280.jpg\"><img loading=\"lazy\" decoding=\"async\" class=\"size-large wp-image-3215\" src=\"https:\/\/fdp-aktiv.de\/blog\/wp-content\/uploads\/2021\/11\/forest-3622519_1280-1024x682.jpg\" alt=\"\" width=\"800\" height=\"533\" srcset=\"https:\/\/fdp-aktiv.de\/blog\/wp-content\/uploads\/2021\/11\/forest-3622519_1280-1024x682.jpg 1024w, https:\/\/fdp-aktiv.de\/blog\/wp-content\/uploads\/2021\/11\/forest-3622519_1280-300x200.jpg 300w, https:\/\/fdp-aktiv.de\/blog\/wp-content\/uploads\/2021\/11\/forest-3622519_1280-768x512.jpg 768w, https:\/\/fdp-aktiv.de\/blog\/wp-content\/uploads\/2021\/11\/forest-3622519_1280.jpg 1280w\" sizes=\"auto, (max-width: 800px) 100vw, 800px\" \/><\/a><figcaption id=\"caption-attachment-3215\" class=\"wp-caption-text\">Bild von <a href=\"https:\/\/pixabay.com\/de\/users\/jplenio-7645255\/?utm_source=link-attribution&amp;utm_medium=referral&amp;utm_campaign=image&amp;utm_content=3622519\">jplenio<\/a> auf <a href=\"https:\/\/pixabay.com\/de\/?utm_source=link-attribution&amp;utm_medium=referral&amp;utm_campaign=image&amp;utm_content=3622519\">Pixabay<\/a><\/figcaption><\/figure>\n<p>\u201eUnser Vorschlag hat zum Ziel, Th\u00fcringens W\u00e4lder zu erhalten und besser auf die Herausforderungen des Klimawandels vorzubereiten\u201c, sagt Dirk Bergner als forstpolitischer Sprecher der FDP. \u201eIn Zeiten des Klimawandels ist es grundfalsch, den Wald als wichtigen Kohlendioxid-Speicher weiter zu beeintr\u00e4chtigen. Wenn Waldfl\u00e4chen durch Borkenk\u00e4fer und Trockenheit in Mitleidenschaft gezogen sind, sollte man sie \u00f6kologisch sinnvoll umbauen, anstatt sie plattzumachen. Wald muss Wald bleiben! Alles andere ist \u00f6kologischer Unsinn. Die heutige \u00c4u\u00dferung einer Gr\u00fcnen, dass das Ersetzen von B\u00e4umen durch Windr\u00e4der das Kohlendioxid-Problem l\u00f6st, karikiert sich von selbst.\u201c Die FDP tritt weiterhin daf\u00fcr ein, dass in Th\u00fcringens W\u00e4ldern m\u00f6glichst keine Windr\u00e4der errichtet werden.<\/p>\n<p>Das Bundesverfassungsgericht hatte das bisher geltende, pauschale Verbot von Windenergieanlagen in Th\u00fcringer W\u00e4ldern als verfassungswidrig erkl\u00e4rt. In ihrem Gesetzentwurf hat die FDP den ger\u00fcgten Passus gestrichen. An dessen Stelle tritt nun eine Ausweitung der Interessenabw\u00e4gung bei der Nutzung von Waldfl\u00e4chen.<\/p>\n<p>\u201eWir wollen, dass bei der Entscheidung, ob Waldfl\u00e4che f\u00fcr eine andere Nutzungsart umgewidmet werden darf, zwei Belange zwingend ber\u00fccksichtigt werden. Zum einen ist dies die Frage, ob gesch\u00e4digte Waldfl\u00e4chen wieder aufgeforstet werden k\u00f6nnen. Denn dort, wo wir heute aufforsten, w\u00e4chst der Wald der Zukunft. Zum anderen wollen wir vermeiden, dass Ausgleichsaufforstungen zulasten landwirtschaftlicher Fl\u00e4chen gehen\u201c, erkl\u00e4rt Dirk Bergner.<\/p>\n<\/div>\n","protected":false},"excerpt":{"rendered":"<p>Dirk Bergner: Wir stehen weiterhin daf\u00fcr ein, dass in W\u00e4ldern keine Windr\u00e4der errichtet werden Als Reaktion auf den Beschluss des Bundesverfassungsgericht vom 27. September 2022 hat die FDP im Th\u00fcringer [&#8230;]<\/p>\n","protected":false},"author":1,"featured_media":0,"comment_status":"open","ping_status":"closed","sticky":false,"template":"","format":"standard","meta":{"footnotes":""},"categories":[249],"tags":[446,669,3052],"class_list":["post-9387","post","type-post","status-publish","format-standard","hentry","category-umwelt","tag-dirk-bergner","tag-fdp-thueringen","tag-waldgesetz"],"_links":{"self":[{"href":"https:\/\/fdp-aktiv.de\/blog\/wp-json\/wp\/v2\/posts\/9387","targetHints":{"allow":["GET"]}}],"collection":[{"href":"https:\/\/fdp-aktiv.de\/blog\/wp-json\/wp\/v2\/posts"}],"about":[{"href":"https:\/\/fdp-aktiv.de\/blog\/wp-json\/wp\/v2\/types\/post"}],"author":[{"embeddable":true,"href":"https:\/\/fdp-aktiv.de\/blog\/wp-json\/wp\/v2\/users\/1"}],"replies":[{"embeddable":true,"href":"https:\/\/fdp-aktiv.de\/blog\/wp-json\/wp\/v2\/comments?post=9387"}],"version-history":[{"count":1,"href":"https:\/\/fdp-aktiv.de\/blog\/wp-json\/wp\/v2\/posts\/9387\/revisions"}],"predecessor-version":[{"id":9388,"href":"https:\/\/fdp-aktiv.de\/blog\/wp-json\/wp\/v2\/posts\/9387\/revisions\/9388"}],"wp:attachment":[{"href":"https:\/\/fdp-aktiv.de\/blog\/wp-json\/wp\/v2\/media?parent=9387"}],"wp:term":[{"taxonomy":"category","embeddable":true,"href":"https:\/\/fdp-aktiv.de\/blog\/wp-json\/wp\/v2\/categories?post=9387"},{"taxonomy":"post_tag","embeddable":true,"href":"https:\/\/fdp-aktiv.de\/blog\/wp-json\/wp\/v2\/tags?post=9387"}],"curies":[{"name":"wp","href":"https:\/\/api.w.org\/{rel}","templated":true}]}}