{"id":9389,"date":"2023-02-03T13:16:29","date_gmt":"2023-02-03T12:16:29","guid":{"rendered":"https:\/\/fdp-aktiv.de\/blog\/?p=9389"},"modified":"2023-02-03T13:16:29","modified_gmt":"2023-02-03T12:16:29","slug":"hessen-dr-h-c-hahn-sicherheitsportal-ist-schritt-in-die-richtige-richtung","status":"publish","type":"post","link":"https:\/\/fdp-aktiv.de\/blog\/2023\/02\/03\/hessen-dr-h-c-hahn-sicherheitsportal-ist-schritt-in-die-richtige-richtung\/","title":{"rendered":"Hessen &#8211; DR. H.C. HAHN: Sicherheitsportal ist Schritt in die richtige Richtung"},"content":{"rendered":"<div class=\"clearfix text-formatted field field--name-body field--type-text-with-summary field--label-hidden field__item\">\n<ul>\n<li><strong>Strukturen des Kompass-Programms m\u00fcssen ausgebaut werden<\/strong><\/li>\n<li><strong>Sicherheitsgef\u00fchl der B\u00fcrger braucht St\u00e4rkung<\/strong><\/li>\n<\/ul>\n<figure id=\"attachment_5254\" aria-describedby=\"caption-attachment-5254\" style=\"width: 800px\" class=\"wp-caption aligncenter\"><a href=\"https:\/\/fdp-aktiv.de\/blog\/wp-content\/uploads\/2022\/04\/2019.02.26_FDP_Dr.h.c.Joerg-UweHahn-1.jpg\"><img loading=\"lazy\" decoding=\"async\" class=\"size-large wp-image-5254\" src=\"https:\/\/fdp-aktiv.de\/blog\/wp-content\/uploads\/2022\/04\/2019.02.26_FDP_Dr.h.c.Joerg-UweHahn-1-1024x684.jpg\" alt=\"Dr. h.c. J\u00f6rg-Uwe Hahn\" width=\"800\" height=\"534\" srcset=\"https:\/\/fdp-aktiv.de\/blog\/wp-content\/uploads\/2022\/04\/2019.02.26_FDP_Dr.h.c.Joerg-UweHahn-1-1024x684.jpg 1024w, https:\/\/fdp-aktiv.de\/blog\/wp-content\/uploads\/2022\/04\/2019.02.26_FDP_Dr.h.c.Joerg-UweHahn-1-300x200.jpg 300w, https:\/\/fdp-aktiv.de\/blog\/wp-content\/uploads\/2022\/04\/2019.02.26_FDP_Dr.h.c.Joerg-UweHahn-1-768x513.jpg 768w, https:\/\/fdp-aktiv.de\/blog\/wp-content\/uploads\/2022\/04\/2019.02.26_FDP_Dr.h.c.Joerg-UweHahn-1-1536x1025.jpg 1536w, https:\/\/fdp-aktiv.de\/blog\/wp-content\/uploads\/2022\/04\/2019.02.26_FDP_Dr.h.c.Joerg-UweHahn-1.jpg 2048w\" sizes=\"auto, (max-width: 800px) 100vw, 800px\" \/><\/a><figcaption id=\"caption-attachment-5254\" class=\"wp-caption-text\">Dr. h.c. J\u00f6rg-Uwe Hahn<\/figcaption><\/figure>\n<p>\u201eDie Einrichtung des Portals ist ein Schritt in die richtige Richtung. Digitalisierung hilft den B\u00fcrgerinnen und B\u00fcrgern sehr und macht es ihnen einfacher, auf M\u00e4ngel hinzuweisen\u201c, erkl\u00e4rt der innenpolitische Sprecher der Freien Demokraten im Hessischen Landtag, Dr. h.c. J\u00f6rg-Uwe HAHN, nachdem Innenminister Peter Beuth heute ein Sicherheitsportal vorgestellt hatte. Um das System m\u00f6glichst benutzerfreundlich zu machen, sollten Kommunen nach \u00dcberzeugung von Hahn aber eine interaktive Meldekarte auf ihrer Homepage einbauen.<\/p>\n<p>Ebenso m\u00fcssten St\u00e4dte und Gemeinden noch st\u00e4rker motiviert werden, dem Kompass-Programm beizutreten. Programme wie Kompass m\u00fcssten nicht zuletzt genutzt werden, um die Personalkapazit\u00e4ten auszubauen, um so tats\u00e4chlich auch das subjektive Sicherheitsgef\u00fchl der B\u00fcrgerinnen und B\u00fcrger zu st\u00e4rken. \u201eIn Sachen Pr\u00e4vention gibt es vielerorts immer noch zu wenig Dynamik vonseiten des Landes und der Polizei. Die Sicherheit in den Kommunen ist aber von elementarer Bedeutung auch f\u00fcr das subjektive Sicherheitsgef\u00fchl\u201c, erkl\u00e4rt Hahn.<\/p>\n<\/div>\n","protected":false},"excerpt":{"rendered":"<p>Strukturen des Kompass-Programms m\u00fcssen ausgebaut werden Sicherheitsgef\u00fchl der B\u00fcrger braucht St\u00e4rkung \u201eDie Einrichtung des Portals ist ein Schritt in die richtige Richtung. Digitalisierung hilft den B\u00fcrgerinnen und B\u00fcrgern sehr und [&#8230;]<\/p>\n","protected":false},"author":1,"featured_media":0,"comment_status":"open","ping_status":"closed","sticky":false,"template":"","format":"standard","meta":{"footnotes":""},"categories":[68],"tags":[2479,635],"class_list":["post-9389","post","type-post","status-publish","format-standard","hentry","category-digital","tag-dr-joerg-uwe-hahn","tag-fdp-hessen"],"_links":{"self":[{"href":"https:\/\/fdp-aktiv.de\/blog\/wp-json\/wp\/v2\/posts\/9389","targetHints":{"allow":["GET"]}}],"collection":[{"href":"https:\/\/fdp-aktiv.de\/blog\/wp-json\/wp\/v2\/posts"}],"about":[{"href":"https:\/\/fdp-aktiv.de\/blog\/wp-json\/wp\/v2\/types\/post"}],"author":[{"embeddable":true,"href":"https:\/\/fdp-aktiv.de\/blog\/wp-json\/wp\/v2\/users\/1"}],"replies":[{"embeddable":true,"href":"https:\/\/fdp-aktiv.de\/blog\/wp-json\/wp\/v2\/comments?post=9389"}],"version-history":[{"count":1,"href":"https:\/\/fdp-aktiv.de\/blog\/wp-json\/wp\/v2\/posts\/9389\/revisions"}],"predecessor-version":[{"id":9390,"href":"https:\/\/fdp-aktiv.de\/blog\/wp-json\/wp\/v2\/posts\/9389\/revisions\/9390"}],"wp:attachment":[{"href":"https:\/\/fdp-aktiv.de\/blog\/wp-json\/wp\/v2\/media?parent=9389"}],"wp:term":[{"taxonomy":"category","embeddable":true,"href":"https:\/\/fdp-aktiv.de\/blog\/wp-json\/wp\/v2\/categories?post=9389"},{"taxonomy":"post_tag","embeddable":true,"href":"https:\/\/fdp-aktiv.de\/blog\/wp-json\/wp\/v2\/tags?post=9389"}],"curies":[{"name":"wp","href":"https:\/\/api.w.org\/{rel}","templated":true}]}}