{"id":9391,"date":"2023-02-03T13:18:29","date_gmt":"2023-02-03T12:18:29","guid":{"rendered":"https:\/\/fdp-aktiv.de\/blog\/?p=9391"},"modified":"2023-02-03T13:18:29","modified_gmt":"2023-02-03T12:18:29","slug":"bayern-spitzer-wir-muessen-pflege-neu-denken-pilotprojekt-demenzdoerfer-starten","status":"publish","type":"post","link":"https:\/\/fdp-aktiv.de\/blog\/2023\/02\/03\/bayern-spitzer-wir-muessen-pflege-neu-denken-pilotprojekt-demenzdoerfer-starten\/","title":{"rendered":"Bayern &#8211; SPITZER: Wir m\u00fcssen Pflege neu denken \u2013 Pilotprojekt Demenzd\u00f6rfer starten"},"content":{"rendered":"<p>Aktuell sind f\u00fcr die Pflege Demenzkranker nur rund 800.000 Euro im bayerischen Haushalt 2023 vorgesehen. Angesichts der aktuellen Entwicklungen sei das viel zu wenig, meint der gesundheitspolitische Sprecher der FDP-Fraktion im Bayerischen Landtag <strong>Dr. Dominik Spitzer<\/strong>. Die Landtagsliberalen haben deshalb einen Haushaltsantrag eingebracht, der 60 Millionen Euro f\u00fcr die F\u00f6rderung alternativer Wohnformen vorsieht. Dazu erkl\u00e4rt <strong>Dr. Dominik Spitzer<\/strong>:<\/p>\n<figure id=\"attachment_4260\" aria-describedby=\"caption-attachment-4260\" style=\"width: 800px\" class=\"wp-caption aligncenter\"><a href=\"https:\/\/fdp-aktiv.de\/blog\/wp-content\/uploads\/2022\/02\/Dominik_Spitzer_R8A5080-scaled.jpg\"><img loading=\"lazy\" decoding=\"async\" class=\"size-large wp-image-4260\" src=\"https:\/\/fdp-aktiv.de\/blog\/wp-content\/uploads\/2022\/02\/Dominik_Spitzer_R8A5080-1024x683.jpg\" alt=\"\" width=\"800\" height=\"534\" srcset=\"https:\/\/fdp-aktiv.de\/blog\/wp-content\/uploads\/2022\/02\/Dominik_Spitzer_R8A5080-1024x683.jpg 1024w, https:\/\/fdp-aktiv.de\/blog\/wp-content\/uploads\/2022\/02\/Dominik_Spitzer_R8A5080-300x200.jpg 300w, https:\/\/fdp-aktiv.de\/blog\/wp-content\/uploads\/2022\/02\/Dominik_Spitzer_R8A5080-768x512.jpg 768w, https:\/\/fdp-aktiv.de\/blog\/wp-content\/uploads\/2022\/02\/Dominik_Spitzer_R8A5080-1536x1024.jpg 1536w, https:\/\/fdp-aktiv.de\/blog\/wp-content\/uploads\/2022\/02\/Dominik_Spitzer_R8A5080-2048x1365.jpg 2048w\" sizes=\"auto, (max-width: 800px) 100vw, 800px\" \/><\/a><figcaption id=\"caption-attachment-4260\" class=\"wp-caption-text\">Dr. Dominik Spitzer<\/figcaption><\/figure>\n<p>\u201eDie Lage ist sehr ernst. Die Zahl der Demenzkranken in Bayern wird laut LGL bis zum Jahr 2036 um 25 Prozent steigen. Deshalb gilt es jetzt, z\u00fcgig die Angebote f\u00fcr Demenzkranke und deren Angeh\u00f6rige auszuweiten. Wir haben schon jetzt eklatante Versorgungsl\u00fccken. Ein von Holetschek vorgeschlagener Demenzfonds ist hier nur ein Tropfen auf den hei\u00dfen Stein.<\/p>\n<p>Alternative Wohnkonzepte wie Demenzd\u00f6rfer k\u00f6nnen hier eine gute L\u00f6sung sein. Der Gesundheitsminister hat zwar erkannt, dass das Gesundheitssystem vom Menschen \u2013 und nicht vom Abrechnungssystem her \u2013 gedacht werden muss. Er w\u00e4re jetzt gut beraten, die Pflege komplett neu zu denken und mit innovativen Wohn- und Pflegeformen mit gutem Beispiel voranzugehen. Deshalb stellen wir einen \u00c4nderungsantrag f\u00fcr den Haushalt, der Mittel in H\u00f6he von 60 Millionen Euro bereitstellt. Damit sollen im Pilotversuch zwei Demenzd\u00f6rfer im Freistaat gef\u00f6rdert werden. Das Projekt k\u00f6nnte gut mit dem Landespflegegeld gegenfinanziert werden \u2013 gezielt Projekte zu f\u00f6rdern ist f\u00fcr uns besser, als ziellos Geld zu verteilen.\u201c<\/p>\n","protected":false},"excerpt":{"rendered":"<p>Aktuell sind f\u00fcr die Pflege Demenzkranker nur rund 800.000 Euro im bayerischen Haushalt 2023 vorgesehen. Angesichts der aktuellen Entwicklungen sei das viel zu wenig, meint der gesundheitspolitische Sprecher der FDP-Fraktion [&#8230;]<\/p>\n","protected":false},"author":1,"featured_media":0,"comment_status":"open","ping_status":"closed","sticky":false,"template":"","format":"standard","meta":{"footnotes":""},"categories":[123],"tags":[3053,1936,322],"class_list":["post-9391","post","type-post","status-publish","format-standard","hentry","category-gesundheit","tag-demenz","tag-dr-dominik-spitzer","tag-fdp-bayern"],"_links":{"self":[{"href":"https:\/\/fdp-aktiv.de\/blog\/wp-json\/wp\/v2\/posts\/9391","targetHints":{"allow":["GET"]}}],"collection":[{"href":"https:\/\/fdp-aktiv.de\/blog\/wp-json\/wp\/v2\/posts"}],"about":[{"href":"https:\/\/fdp-aktiv.de\/blog\/wp-json\/wp\/v2\/types\/post"}],"author":[{"embeddable":true,"href":"https:\/\/fdp-aktiv.de\/blog\/wp-json\/wp\/v2\/users\/1"}],"replies":[{"embeddable":true,"href":"https:\/\/fdp-aktiv.de\/blog\/wp-json\/wp\/v2\/comments?post=9391"}],"version-history":[{"count":1,"href":"https:\/\/fdp-aktiv.de\/blog\/wp-json\/wp\/v2\/posts\/9391\/revisions"}],"predecessor-version":[{"id":9392,"href":"https:\/\/fdp-aktiv.de\/blog\/wp-json\/wp\/v2\/posts\/9391\/revisions\/9392"}],"wp:attachment":[{"href":"https:\/\/fdp-aktiv.de\/blog\/wp-json\/wp\/v2\/media?parent=9391"}],"wp:term":[{"taxonomy":"category","embeddable":true,"href":"https:\/\/fdp-aktiv.de\/blog\/wp-json\/wp\/v2\/categories?post=9391"},{"taxonomy":"post_tag","embeddable":true,"href":"https:\/\/fdp-aktiv.de\/blog\/wp-json\/wp\/v2\/tags?post=9391"}],"curies":[{"name":"wp","href":"https:\/\/api.w.org\/{rel}","templated":true}]}}