{"id":9463,"date":"2023-02-09T06:08:16","date_gmt":"2023-02-09T05:08:16","guid":{"rendered":"https:\/\/fdp-aktiv.de\/blog\/?p=9463"},"modified":"2023-02-09T06:08:16","modified_gmt":"2023-02-09T05:08:16","slug":"bayern-heubisch-csu-liefert-groteske-debatte-um-konzerthaus","status":"publish","type":"post","link":"https:\/\/fdp-aktiv.de\/blog\/2023\/02\/09\/bayern-heubisch-csu-liefert-groteske-debatte-um-konzerthaus\/","title":{"rendered":"Bayern &#8211; HEUBISCH: CSU liefert groteske Debatte um Konzerthaus"},"content":{"rendered":"<p>Im Ausschuss f\u00fcr Wissenschaft und Kunst des bayerischen Landtags hat die CSU heute den Dringlichkeitsantrag der FDP-Fraktion f\u00fcr einen m\u00fcndlichen Bericht des Kunstministers Markus Blume zum Sachstand Konzerthaus im M\u00fcnchner Werksviertel abgelehnt. In der gleichen Sitzung hat sie jedoch einen ebensolchen m\u00fcndlichen Bericht des Kunstministers zum Konzerthaus im Ausschuss am 10. Mai 2023 angek\u00fcndigt. Dazu der kulturpolitische Sprecher der FDP-Landtagsfraktion\u00a0<strong>Dr. Wolfgang Heubisch<\/strong>:<\/p>\n<figure id=\"attachment_4094\" aria-describedby=\"caption-attachment-4094\" style=\"width: 800px\" class=\"wp-caption aligncenter\"><a href=\"https:\/\/fdp-aktiv.de\/blog\/wp-content\/uploads\/2022\/01\/WH-Shoot-Juli2020-03.jpeg-scaled.jpg\"><img loading=\"lazy\" decoding=\"async\" class=\"size-large wp-image-4094\" src=\"https:\/\/fdp-aktiv.de\/blog\/wp-content\/uploads\/2022\/01\/WH-Shoot-Juli2020-03.jpeg-1024x683.jpg\" alt=\"Dr. Wolfgang Heubisch\" width=\"800\" height=\"534\" srcset=\"https:\/\/fdp-aktiv.de\/blog\/wp-content\/uploads\/2022\/01\/WH-Shoot-Juli2020-03.jpeg-1024x683.jpg 1024w, https:\/\/fdp-aktiv.de\/blog\/wp-content\/uploads\/2022\/01\/WH-Shoot-Juli2020-03.jpeg-300x200.jpg 300w, https:\/\/fdp-aktiv.de\/blog\/wp-content\/uploads\/2022\/01\/WH-Shoot-Juli2020-03.jpeg-768x512.jpg 768w, https:\/\/fdp-aktiv.de\/blog\/wp-content\/uploads\/2022\/01\/WH-Shoot-Juli2020-03.jpeg-1536x1024.jpg 1536w, https:\/\/fdp-aktiv.de\/blog\/wp-content\/uploads\/2022\/01\/WH-Shoot-Juli2020-03.jpeg-2048x1365.jpg 2048w\" sizes=\"auto, (max-width: 800px) 100vw, 800px\" \/><\/a><figcaption id=\"caption-attachment-4094\" class=\"wp-caption-text\">Dr. Wolfgang Heubisch<\/figcaption><\/figure>\n<p>\u201eDas war heute mehr als grotesk: Unseren Dringlichkeitsantrag abzulehnen und gleichzeitig den Bericht des Ministers anzuk\u00fcndigen ist das eine. Zum anderen hat der Ausschussvorsitzende Robert Brannek\u00e4mper erkl\u00e4rt, dass S\u00f6ders Denkpause nie als Planungsstopp des Projekts zu verstehen gewesen sei. So etwas zu behaupten, ist mehr als verst\u00f6rend: Die Staatsregierung hat seit S\u00f6ders innerer Klausur nicht nur das Parlament, sondern auch Projektverantwortliche, F\u00f6rderer, K\u00fcnstler und nicht zuletzt die Bev\u00f6lkerung im Unklaren gelassen, wie es mit dem Konzerthaus weitergehen soll. Wohlgemerkt alles bei laufenden Kosten. Nach den \u00c4u\u00dferungen der CSU heute gehe ich davon aus, dass das Konzerthaus kommen wird.<\/p>\n<p>Nat\u00fcrlich freuen wir uns, dass die Staatsregierung unserem Druck nachgibt. Ich hoffe, dass der Minister in seinem m\u00fcndlichen Bericht Klarheit schafft und \u00d6ffentlichkeit wie Parlament vollumf\u00e4nglich informiert. Schlie\u00dflich muss auch ein Minister f\u00fcr jeden finanziellen Schritt die Zustimmung des Parlaments einholen.\u201c<\/p>\n","protected":false},"excerpt":{"rendered":"<p>Im Ausschuss f\u00fcr Wissenschaft und Kunst des bayerischen Landtags hat die CSU heute den Dringlichkeitsantrag der FDP-Fraktion f\u00fcr einen m\u00fcndlichen Bericht des Kunstministers Markus Blume zum Sachstand Konzerthaus im M\u00fcnchner [&#8230;]<\/p>\n","protected":false},"author":1,"featured_media":0,"comment_status":"open","ping_status":"closed","sticky":false,"template":"","format":"standard","meta":{"footnotes":""},"categories":[546],"tags":[1883,322,3065],"class_list":["post-9463","post","type-post","status-publish","format-standard","hentry","category-kultur-kunst","tag-dr-wolfgang-heubisch","tag-fdp-bayern","tag-konzerthaus"],"_links":{"self":[{"href":"https:\/\/fdp-aktiv.de\/blog\/wp-json\/wp\/v2\/posts\/9463","targetHints":{"allow":["GET"]}}],"collection":[{"href":"https:\/\/fdp-aktiv.de\/blog\/wp-json\/wp\/v2\/posts"}],"about":[{"href":"https:\/\/fdp-aktiv.de\/blog\/wp-json\/wp\/v2\/types\/post"}],"author":[{"embeddable":true,"href":"https:\/\/fdp-aktiv.de\/blog\/wp-json\/wp\/v2\/users\/1"}],"replies":[{"embeddable":true,"href":"https:\/\/fdp-aktiv.de\/blog\/wp-json\/wp\/v2\/comments?post=9463"}],"version-history":[{"count":1,"href":"https:\/\/fdp-aktiv.de\/blog\/wp-json\/wp\/v2\/posts\/9463\/revisions"}],"predecessor-version":[{"id":9464,"href":"https:\/\/fdp-aktiv.de\/blog\/wp-json\/wp\/v2\/posts\/9463\/revisions\/9464"}],"wp:attachment":[{"href":"https:\/\/fdp-aktiv.de\/blog\/wp-json\/wp\/v2\/media?parent=9463"}],"wp:term":[{"taxonomy":"category","embeddable":true,"href":"https:\/\/fdp-aktiv.de\/blog\/wp-json\/wp\/v2\/categories?post=9463"},{"taxonomy":"post_tag","embeddable":true,"href":"https:\/\/fdp-aktiv.de\/blog\/wp-json\/wp\/v2\/tags?post=9463"}],"curies":[{"name":"wp","href":"https:\/\/api.w.org\/{rel}","templated":true}]}}