{"id":9465,"date":"2023-02-09T06:16:45","date_gmt":"2023-02-09T05:16:45","guid":{"rendered":"https:\/\/fdp-aktiv.de\/blog\/?p=9465"},"modified":"2023-02-09T06:20:46","modified_gmt":"2023-02-09T05:20:46","slug":"baden-wuerttemberg-heitlinger-und-hoher-vorschlag-der-eu-zur-pflanzenschutzmittelverordnung-geht-am-ziel-vorbei","status":"publish","type":"post","link":"https:\/\/fdp-aktiv.de\/blog\/2023\/02\/09\/baden-wuerttemberg-heitlinger-und-hoher-vorschlag-der-eu-zur-pflanzenschutzmittelverordnung-geht-am-ziel-vorbei\/","title":{"rendered":"Baden-W\u00fcrttemberg &#8211; Heitlinger und Hoher: Vorschlag der EU zur Pflanzenschutzmittelverordnung geht am Ziel vorbei"},"content":{"rendered":"<p style=\"text-align: left;\">Pauschale Verbote sind praxisfern und wissenschaftlich nicht begr\u00fcndet<\/p>\n<p style=\"font-weight: 400;\">Auf Antrag der FDP\/DVP-Fraktion diskutierte der Ausschuss f\u00fcr Ern\u00e4hrung, L\u00e4ndlichen Raum und Verbraucherschutz heute (8. Februar 2023) im Rahmen einer \u00f6ffentlichen Anh\u00f6rung mit Expertinnen und Experten aus Wissenschaft, Verb\u00e4nden und Praxis \u00fcber die aktuellen Planungen der EU-Kommission zur Versch\u00e4rfung der EU-Pflanzenschutzverordnung. Der agrarpolitische Sprecher der FDP\/DVP-Fraktion,\u00a0<strong>Georg Heitlinger<\/strong>, meint:<\/p>\n<figure id=\"attachment_8561\" aria-describedby=\"caption-attachment-8561\" style=\"width: 800px\" class=\"wp-caption aligncenter\"><a href=\"https:\/\/fdp-aktiv.de\/blog\/wp-content\/uploads\/2022\/12\/Heitlinger_web-scaled.jpg\"><img loading=\"lazy\" decoding=\"async\" class=\"size-large wp-image-8561\" src=\"https:\/\/fdp-aktiv.de\/blog\/wp-content\/uploads\/2022\/12\/Heitlinger_web-1024x683.jpg\" alt=\"Georg Heitlinger\" width=\"800\" height=\"534\" srcset=\"https:\/\/fdp-aktiv.de\/blog\/wp-content\/uploads\/2022\/12\/Heitlinger_web-1024x683.jpg 1024w, https:\/\/fdp-aktiv.de\/blog\/wp-content\/uploads\/2022\/12\/Heitlinger_web-300x200.jpg 300w, https:\/\/fdp-aktiv.de\/blog\/wp-content\/uploads\/2022\/12\/Heitlinger_web-768x512.jpg 768w, https:\/\/fdp-aktiv.de\/blog\/wp-content\/uploads\/2022\/12\/Heitlinger_web-1536x1024.jpg 1536w, https:\/\/fdp-aktiv.de\/blog\/wp-content\/uploads\/2022\/12\/Heitlinger_web-2048x1365.jpg 2048w\" sizes=\"auto, (max-width: 800px) 100vw, 800px\" \/><\/a><figcaption id=\"caption-attachment-8561\" class=\"wp-caption-text\">Georg Heitlinger<\/figcaption><\/figure>\n<p>&nbsp;<\/p>\n<p style=\"font-weight: 400;\">\u201eDer Vorschlag der EU zur Pflanzenschutzmittelverordnung geht komplett am Ziel vorbei<strong>\u00a0<\/strong>und konterkariert dieses sogar. Die Umsetzung des Kommissionsvorschlags in der aktuell vorliegenden Form w\u00fcrde, insbesondere in Kombination mit der aktuellen Krisensituation, die Existenz zahlreicher landwirtschaftlicher Familienbetriebe in Baden-W\u00fcrttemberg und die Ern\u00e4hrungssicherheit weltweit bedrohen. Hierzulande w\u00fcrde das nicht nur die Versorgung der Bev\u00f6lkerung mit hochwertigen regionalen Lebensmittel gef\u00e4hrden, sondern auch negative Auswirkungen auf die Biodiversit\u00e4t und den Klimaschutz haben. Mehr Nachhaltigkeit in der Landwirtschaft gelingt nicht mit pauschalen, praxisuntauglichen und wissenschaftsfernen Verboten f\u00fcr Pflanzenschutzmittel. Gerade zuk\u00fcnftig werden wir wegen dem zunehmenden Auftreten von Schaderregern Pflanzenschutzmittel ben\u00f6tigen. Es geht nicht ohne Pflanzenschutz. Pflanzenschutz muss aber effektiver werden. Wir m\u00fcssen auf Biotechnologie, neue Z\u00fcchtungsverfahren und digitale Pr\u00e4zisionstechnologien setzen.\u201c<\/p>\n<p style=\"font-weight: 400;\">Der naturschutzpolitische Sprecher der FDP\/DVP-Fraktion,\u00a0<strong>Klaus Hoher<\/strong>, erg\u00e4nzt:<\/p>\n<figure id=\"attachment_5684\" aria-describedby=\"caption-attachment-5684\" style=\"width: 800px\" class=\"wp-caption aligncenter\"><a href=\"https:\/\/fdp-aktiv.de\/blog\/wp-content\/uploads\/2022\/06\/190226_fdp__hoher_3276_final_02.jpg\"><img loading=\"lazy\" decoding=\"async\" class=\"size-large wp-image-5684\" src=\"https:\/\/fdp-aktiv.de\/blog\/wp-content\/uploads\/2022\/06\/190226_fdp__hoher_3276_final_02-1024x682.jpg\" alt=\"\" width=\"800\" height=\"533\" srcset=\"https:\/\/fdp-aktiv.de\/blog\/wp-content\/uploads\/2022\/06\/190226_fdp__hoher_3276_final_02-1024x682.jpg 1024w, https:\/\/fdp-aktiv.de\/blog\/wp-content\/uploads\/2022\/06\/190226_fdp__hoher_3276_final_02-300x200.jpg 300w, https:\/\/fdp-aktiv.de\/blog\/wp-content\/uploads\/2022\/06\/190226_fdp__hoher_3276_final_02-768x512.jpg 768w, https:\/\/fdp-aktiv.de\/blog\/wp-content\/uploads\/2022\/06\/190226_fdp__hoher_3276_final_02-1536x1024.jpg 1536w, https:\/\/fdp-aktiv.de\/blog\/wp-content\/uploads\/2022\/06\/190226_fdp__hoher_3276_final_02.jpg 2000w\" sizes=\"auto, (max-width: 800px) 100vw, 800px\" \/><\/a><figcaption id=\"caption-attachment-5684\" class=\"wp-caption-text\">Klaus Hoher<\/figcaption><\/figure>\n<p style=\"font-weight: 400;\">\u201ePauschale Verbote sind praxisfern und wissenschaftlich nicht begr\u00fcndet. Wer jeglichen Pflanzenschutz in s\u00e4mtlichen Natur- und Landschaftsschutzgebieten verbietet, der verr\u00e4t nicht nur, dass er keine Ahnung von Landwirtschaft hat &#8211; insbesondere vom heimischen Obst- und Weinbau. Er setzt dessen komplette Existenz aufs Spiel. Das betrifft konventionell wie \u00f6kologisch wirtschaftende Betriebe. Ohne Landwirtschaft gibt es keinen Naturschutz und keine Biodiversit\u00e4t. Unsere Landwirte gestalten unsere Kulturlandschaften seit Jahrtausenden. Ohne Landwirtschaft w\u00e4re Baden-W\u00fcrttemberg nahezu vollst\u00e4ndig bewaldet. Artenreiche Offenlandlebensr\u00e4ume wie extensiv genutztes Gr\u00fcnland oder Streuobstwiesen mit ihren charakteristischen Tier- und Pflanzenarten sind die Folge landwirtschaftlicher Aktivit\u00e4t.\u201c<\/p>\n<p style=\"font-weight: 400;\"><strong>Hintergrund:<\/strong><\/p>\n<p style=\"font-weight: 400;\">Der Verordnungsvorschlag der EU sieht ein Anwendungsverbot an Pflanzenschutzmitteln in sogenannten empfindlichen Gebieten, zu denen FFH- oder Vogelschutzgebiete sowie \u00f6ffentliche Parks, G\u00e4rten oder menschliche Siedlungen z\u00e4hlen, eine pauschale Reduktion des Pflanzenschutzmitteleinsatzes und -risikos um 50% und umfangreiche Dokumentationspflichten vor.<\/p>\n<p style=\"font-weight: 400;\">\n","protected":false},"excerpt":{"rendered":"<p>Pauschale Verbote sind praxisfern und wissenschaftlich nicht begr\u00fcndet Auf Antrag der FDP\/DVP-Fraktion diskutierte der Ausschuss f\u00fcr Ern\u00e4hrung, L\u00e4ndlichen Raum und Verbraucherschutz heute (8. Februar 2023) im Rahmen einer \u00f6ffentlichen Anh\u00f6rung [&#8230;]<\/p>\n","protected":false},"author":1,"featured_media":0,"comment_status":"open","ping_status":"closed","sticky":false,"template":"","format":"standard","meta":{"footnotes":""},"categories":[5,249],"tags":[3066,650,1497,1689,3067],"class_list":["post-9465","post","type-post","status-publish","format-standard","hentry","category-aussenpolitik","category-umwelt","tag-eu-pflanzenschutzverordnung","tag-fdp-dvp","tag-georg-heitlinger","tag-klaus-hoher","tag-pflanzenschutzverordnung"],"_links":{"self":[{"href":"https:\/\/fdp-aktiv.de\/blog\/wp-json\/wp\/v2\/posts\/9465","targetHints":{"allow":["GET"]}}],"collection":[{"href":"https:\/\/fdp-aktiv.de\/blog\/wp-json\/wp\/v2\/posts"}],"about":[{"href":"https:\/\/fdp-aktiv.de\/blog\/wp-json\/wp\/v2\/types\/post"}],"author":[{"embeddable":true,"href":"https:\/\/fdp-aktiv.de\/blog\/wp-json\/wp\/v2\/users\/1"}],"replies":[{"embeddable":true,"href":"https:\/\/fdp-aktiv.de\/blog\/wp-json\/wp\/v2\/comments?post=9465"}],"version-history":[{"count":3,"href":"https:\/\/fdp-aktiv.de\/blog\/wp-json\/wp\/v2\/posts\/9465\/revisions"}],"predecessor-version":[{"id":9468,"href":"https:\/\/fdp-aktiv.de\/blog\/wp-json\/wp\/v2\/posts\/9465\/revisions\/9468"}],"wp:attachment":[{"href":"https:\/\/fdp-aktiv.de\/blog\/wp-json\/wp\/v2\/media?parent=9465"}],"wp:term":[{"taxonomy":"category","embeddable":true,"href":"https:\/\/fdp-aktiv.de\/blog\/wp-json\/wp\/v2\/categories?post=9465"},{"taxonomy":"post_tag","embeddable":true,"href":"https:\/\/fdp-aktiv.de\/blog\/wp-json\/wp\/v2\/tags?post=9465"}],"curies":[{"name":"wp","href":"https:\/\/api.w.org\/{rel}","templated":true}]}}