{"id":9471,"date":"2023-02-09T07:55:09","date_gmt":"2023-02-09T06:55:09","guid":{"rendered":"https:\/\/fdp-aktiv.de\/blog\/?p=9471"},"modified":"2023-03-09T18:58:35","modified_gmt":"2023-03-09T17:58:35","slug":"hamburg-kruse-hafen-nicht-nur-abschoepfen-sondern-in-die-zukunft-fuehren","status":"publish","type":"post","link":"https:\/\/fdp-aktiv.de\/blog\/2023\/02\/09\/hamburg-kruse-hafen-nicht-nur-abschoepfen-sondern-in-die-zukunft-fuehren\/","title":{"rendered":"Hamburg &#8211; Kruse: Hafen nicht nur absch\u00f6pfen, sondern in die Zukunft f\u00fchren"},"content":{"rendered":"<p><strong>Zur Dividenden-Ank\u00fcndigung bei Hapag Lloyd erkl\u00e4rt der FDP-Landesvorsitzende Michael Kruse, MdB:<\/strong><\/p>\n<figure id=\"attachment_3130\" aria-describedby=\"caption-attachment-3130\" style=\"width: 800px\" class=\"wp-caption aligncenter\"><a href=\"https:\/\/fdp-aktiv.de\/blog\/wp-content\/uploads\/2021\/11\/Kruse.jpg\"><img loading=\"lazy\" decoding=\"async\" class=\"size-large wp-image-3130\" src=\"https:\/\/fdp-aktiv.de\/blog\/wp-content\/uploads\/2021\/11\/Kruse-1024x683.jpg\" alt=\"FDP Michael Kruse\" width=\"800\" height=\"534\" srcset=\"https:\/\/fdp-aktiv.de\/blog\/wp-content\/uploads\/2021\/11\/Kruse-1024x683.jpg 1024w, https:\/\/fdp-aktiv.de\/blog\/wp-content\/uploads\/2021\/11\/Kruse-300x200.jpg 300w, https:\/\/fdp-aktiv.de\/blog\/wp-content\/uploads\/2021\/11\/Kruse-768x512.jpg 768w, https:\/\/fdp-aktiv.de\/blog\/wp-content\/uploads\/2021\/11\/Kruse.jpg 1280w\" sizes=\"auto, (max-width: 800px) 100vw, 800px\" \/><\/a><figcaption id=\"caption-attachment-3130\" class=\"wp-caption-text\">FDP Michael Kruse, Hamburg, 08.07.2021<\/figcaption><\/figure>\n<p>\u201eDie riesigen Einnahmen der Stadt durch Hapag-Lloyd sollten dem B\u00fcrgermeister und seinem Senat eine Mahnung sein, wie wichtig die maritime Wirtschaft f\u00fcr die Leistungsf\u00e4higkeit unserer Stadt ist. Es ist absolut unverst\u00e4ndlich, dass sogar aus dem Senat heraus wichtige Infrastrukturprojekte wie die Fahrrinnenanpassung infrage gestellt werden, obwohl der Hafen den st\u00e4dtischen Haushalt ma\u00dfgeblich finanziert.<\/p>\n<p>Finanzsenator Dressel hat sich gut eingerichtet, bei jeder Dividendenaussch\u00fcttung von Hapag-Lloyd ordentlich zugreifen zu k\u00f6nnen und andere Schw\u00e4chen im Haushalt zu kaschieren. Nun w\u00e4re es konsequent, wenn sich der Senat auch um die Zukunftsf\u00e4higkeit des Hafens als Innovationsmotor k\u00fcmmern w\u00fcrde. Die mangelhaften Investitionen in die Hafeninfrastruktur im letzten Jahrzehnt haben Spuren in der Wettbewerbsf\u00e4higkeit hinterlassen. Wenn Hamburg zuk\u00fcnftig einen innovativen Energiehafen mit internationaler Bedeutung haben m\u00f6chte, dann muss der Senat jetzt ein Konzept daf\u00fcr vorlegen. Gem\u00e4\u00df dem Prinzip \u201aHafen finanziert Hafen\u2018 w\u00e4re die Hapag-Milliarde dort gut investiert.\u201c<\/p>\n","protected":false},"excerpt":{"rendered":"<p>Zur Dividenden-Ank\u00fcndigung bei Hapag Lloyd erkl\u00e4rt der FDP-Landesvorsitzende Michael Kruse, MdB: \u201eDie riesigen Einnahmen der Stadt durch Hapag-Lloyd sollten dem B\u00fcrgermeister und seinem Senat eine Mahnung sein, wie wichtig die [&#8230;]<\/p>\n","protected":false},"author":1,"featured_media":0,"comment_status":"open","ping_status":"closed","sticky":false,"template":"","format":"standard","meta":{"footnotes":""},"categories":[144],"tags":[1387,2541,1538,1390],"class_list":["post-9471","post","type-post","status-publish","format-standard","hentry","category-verkehr-innenpolitik","tag-fdp-hamburg","tag-hafen","tag-hapag-lloyd","tag-michael-kruse"],"_links":{"self":[{"href":"https:\/\/fdp-aktiv.de\/blog\/wp-json\/wp\/v2\/posts\/9471","targetHints":{"allow":["GET"]}}],"collection":[{"href":"https:\/\/fdp-aktiv.de\/blog\/wp-json\/wp\/v2\/posts"}],"about":[{"href":"https:\/\/fdp-aktiv.de\/blog\/wp-json\/wp\/v2\/types\/post"}],"author":[{"embeddable":true,"href":"https:\/\/fdp-aktiv.de\/blog\/wp-json\/wp\/v2\/users\/1"}],"replies":[{"embeddable":true,"href":"https:\/\/fdp-aktiv.de\/blog\/wp-json\/wp\/v2\/comments?post=9471"}],"version-history":[{"count":1,"href":"https:\/\/fdp-aktiv.de\/blog\/wp-json\/wp\/v2\/posts\/9471\/revisions"}],"predecessor-version":[{"id":9472,"href":"https:\/\/fdp-aktiv.de\/blog\/wp-json\/wp\/v2\/posts\/9471\/revisions\/9472"}],"wp:attachment":[{"href":"https:\/\/fdp-aktiv.de\/blog\/wp-json\/wp\/v2\/media?parent=9471"}],"wp:term":[{"taxonomy":"category","embeddable":true,"href":"https:\/\/fdp-aktiv.de\/blog\/wp-json\/wp\/v2\/categories?post=9471"},{"taxonomy":"post_tag","embeddable":true,"href":"https:\/\/fdp-aktiv.de\/blog\/wp-json\/wp\/v2\/tags?post=9471"}],"curies":[{"name":"wp","href":"https:\/\/api.w.org\/{rel}","templated":true}]}}