{"id":9523,"date":"2023-02-11T09:06:56","date_gmt":"2023-02-11T08:06:56","guid":{"rendered":"https:\/\/fdp-aktiv.de\/blog\/?p=9523"},"modified":"2023-02-11T09:06:56","modified_gmt":"2023-02-11T08:06:56","slug":"thueringen-ein-landesamt-fuer-migration-schafft-nur-einen-zusaetzlichen-wasserkopf","status":"publish","type":"post","link":"https:\/\/fdp-aktiv.de\/blog\/2023\/02\/11\/thueringen-ein-landesamt-fuer-migration-schafft-nur-einen-zusaetzlichen-wasserkopf\/","title":{"rendered":"Th\u00fcringen &#8211; Ein Landesamt f\u00fcr Migration schafft nur einen zus\u00e4tzlichen Wasserkopf"},"content":{"rendered":"<div class=\"clearfix text-formatted field field--name-body field--type-text-with-summary field--label-hidden field__item\">\n<p>Zur Debatte um die Schaffung eines Landesamtes f\u00fcr Migration erkl\u00e4rt Thomas L. Kemmerich, Sprecher der FDP im Th\u00fcringer Landtag:<\/p>\n<figure id=\"attachment_1115\" aria-describedby=\"caption-attachment-1115\" style=\"width: 790px\" class=\"wp-caption aligncenter\"><a href=\"https:\/\/fdp-aktiv.de\/blog\/wp-content\/uploads\/2021\/04\/Thoms-Kemmerich.jpg\"><img loading=\"lazy\" decoding=\"async\" class=\"size-full wp-image-1115\" src=\"https:\/\/fdp-aktiv.de\/blog\/wp-content\/uploads\/2021\/04\/Thoms-Kemmerich.jpg\" alt=\"Thomas L. Kemmerich\" width=\"790\" height=\"700\" srcset=\"https:\/\/fdp-aktiv.de\/blog\/wp-content\/uploads\/2021\/04\/Thoms-Kemmerich.jpg 790w, https:\/\/fdp-aktiv.de\/blog\/wp-content\/uploads\/2021\/04\/Thoms-Kemmerich-300x266.jpg 300w, https:\/\/fdp-aktiv.de\/blog\/wp-content\/uploads\/2021\/04\/Thoms-Kemmerich-768x681.jpg 768w\" sizes=\"auto, (max-width: 790px) 100vw, 790px\" \/><\/a><figcaption id=\"caption-attachment-1115\" class=\"wp-caption-text\">Thomas L. Kemmerich<\/figcaption><\/figure>\n<p>\u201eDie akuten Probleme bei der Unterbringung von Fl\u00fcchtlingen sind nicht dem Fehlen eines Landesamtes geschuldet. Sie sind vielmehr das Ergebnis einer verfehlten Migrationspolitik von Rot-Rot-Gr\u00fcn. Diese Fehler f\u00fchren dazu, dass kaum noch sachlich \u00fcber Zuwanderung und Fachkr\u00e4ftegewinnung gesprochen werden kann. Ein neues Amt schafft nur einen zus\u00e4tzlichen Wasserkopf, l\u00f6st aber die grunds\u00e4tzlichen Probleme nicht. Die konsequente R\u00fcckf\u00fchrung derjenigen, die lediglich die Hand in unserem Sozialsystem aufhalten m\u00f6chten, darf nicht tabu sein. Sie hat vielmehr den Arbeitsalltag der neuen Justizministerin zu pr\u00e4gen.\u201c<\/p>\n<\/div>\n","protected":false},"excerpt":{"rendered":"<p>Zur Debatte um die Schaffung eines Landesamtes f\u00fcr Migration erkl\u00e4rt Thomas L. Kemmerich, Sprecher der FDP im Th\u00fcringer Landtag: \u201eDie akuten Probleme bei der Unterbringung von Fl\u00fcchtlingen sind nicht dem [&#8230;]<\/p>\n","protected":false},"author":1,"featured_media":0,"comment_status":"open","ping_status":"closed","sticky":false,"template":"","format":"standard","meta":{"footnotes":""},"categories":[5],"tags":[669,3076,693,271],"class_list":["post-9523","post","type-post","status-publish","format-standard","hentry","category-aussenpolitik","tag-fdp-thueringen","tag-landesamt","tag-migration","tag-thomas-kemmerich"],"_links":{"self":[{"href":"https:\/\/fdp-aktiv.de\/blog\/wp-json\/wp\/v2\/posts\/9523","targetHints":{"allow":["GET"]}}],"collection":[{"href":"https:\/\/fdp-aktiv.de\/blog\/wp-json\/wp\/v2\/posts"}],"about":[{"href":"https:\/\/fdp-aktiv.de\/blog\/wp-json\/wp\/v2\/types\/post"}],"author":[{"embeddable":true,"href":"https:\/\/fdp-aktiv.de\/blog\/wp-json\/wp\/v2\/users\/1"}],"replies":[{"embeddable":true,"href":"https:\/\/fdp-aktiv.de\/blog\/wp-json\/wp\/v2\/comments?post=9523"}],"version-history":[{"count":1,"href":"https:\/\/fdp-aktiv.de\/blog\/wp-json\/wp\/v2\/posts\/9523\/revisions"}],"predecessor-version":[{"id":9524,"href":"https:\/\/fdp-aktiv.de\/blog\/wp-json\/wp\/v2\/posts\/9523\/revisions\/9524"}],"wp:attachment":[{"href":"https:\/\/fdp-aktiv.de\/blog\/wp-json\/wp\/v2\/media?parent=9523"}],"wp:term":[{"taxonomy":"category","embeddable":true,"href":"https:\/\/fdp-aktiv.de\/blog\/wp-json\/wp\/v2\/categories?post=9523"},{"taxonomy":"post_tag","embeddable":true,"href":"https:\/\/fdp-aktiv.de\/blog\/wp-json\/wp\/v2\/tags?post=9523"}],"curies":[{"name":"wp","href":"https:\/\/api.w.org\/{rel}","templated":true}]}}