{"id":9588,"date":"2023-02-17T06:19:00","date_gmt":"2023-02-17T05:19:00","guid":{"rendered":"https:\/\/fdp-aktiv.de\/blog\/?p=9588"},"modified":"2023-02-17T06:19:00","modified_gmt":"2023-02-17T05:19:00","slug":"baden-wuerttemberg-karrais-gruen-schwarze-klimapolitik-verkommt-zur-karikatur","status":"publish","type":"post","link":"https:\/\/fdp-aktiv.de\/blog\/2023\/02\/17\/baden-wuerttemberg-karrais-gruen-schwarze-klimapolitik-verkommt-zur-karikatur\/","title":{"rendered":"Baden-W\u00fcrttemberg &#8211; Karrais: Gr\u00fcn-Schwarze Klimapolitik verkommt zur Karikatur"},"content":{"rendered":"<p>Wir haben keine Zeit f\u00fcr Scheinman\u00f6ver und Symbolpolitik<\/p>\n<p>Zur Meldung, wonach die Landesregierung heute ihr vielkritisiertes Klimama\u00dfnahmenregister vorgestellt hat, sagte der klimapolitische Sprecher der FDP\/DVP-Fraktion, <strong>Daniel Karrais<\/strong>:<\/p>\n<figure id=\"attachment_1593\" aria-describedby=\"caption-attachment-1593\" style=\"width: 800px\" class=\"wp-caption aligncenter\"><a href=\"https:\/\/fdp-aktiv.de\/blog\/wp-content\/uploads\/2021\/06\/Daniel-Karrais.jpg\"><img loading=\"lazy\" decoding=\"async\" class=\"size-large wp-image-1593\" src=\"https:\/\/fdp-aktiv.de\/blog\/wp-content\/uploads\/2021\/06\/Daniel-Karrais-1024x683.jpg\" alt=\"Daniel Karrais\" width=\"800\" height=\"534\" srcset=\"https:\/\/fdp-aktiv.de\/blog\/wp-content\/uploads\/2021\/06\/Daniel-Karrais-1024x683.jpg 1024w, https:\/\/fdp-aktiv.de\/blog\/wp-content\/uploads\/2021\/06\/Daniel-Karrais-300x200.jpg 300w, https:\/\/fdp-aktiv.de\/blog\/wp-content\/uploads\/2021\/06\/Daniel-Karrais-768x512.jpg 768w, https:\/\/fdp-aktiv.de\/blog\/wp-content\/uploads\/2021\/06\/Daniel-Karrais.jpg 1030w\" sizes=\"auto, (max-width: 800px) 100vw, 800px\" \/><\/a><figcaption id=\"caption-attachment-1593\" class=\"wp-caption-text\">Daniel Karrais<\/figcaption><\/figure>\n<p>\u201eMit \u00fcber einem halben Jahr Versp\u00e4tung sowie mehrere Wochen nach Verabschiedung des neuen Klimaschutzgesetzes hat die Landesregierung nun ihr umstrittenes Klimama\u00dfnahmenregister vorgestellt. Von Gr\u00fcn-Schwarz als \u201alebendiges und lernendes Instrument\u2018 gefeiert, wurde das Ma\u00dfnahmenregister bereits im Vorfeld heftig kritisiert. Der Landtag hat bei der Beschlussfassung die Katze im Sack gekauft. Leider hat sich die Katze in 254 Kleinteile zersprengt. V\u00f6llig zu Recht bem\u00e4ngelt selbst der Klima-Sachverst\u00e4ndigenrat der Landesregierung die Konzeptlosigkeit des Vorhabens. Schon ein erster Blick auf die Einzelma\u00dfnahmen macht deutlich, dass die Komplexit\u00e4t der Klimaschutzma\u00dfnahmen um ein Vielfaches gesteigert und Klimaschutz weiter verkompliziert werden soll.<\/p>\n<p>Was mit dem Ma\u00dfnahmenregister vorliegt, ist ein Sammelsurium kleinteiliger \u201eEh-Da\u201c-Ma\u00dfnahmen, die v\u00f6llig ungeeignet sind, die selbstgesteckten Klimaziele zu erreichen. Mir ist schleierhaft, wie Baden-W\u00fcrttemberg mit Pedelecs f\u00fcr Ministeriumsmitarbeiter, Lehrstunden f\u00fcr kommunale M\u00fclltrennung oder eine klimafreundliche Bierbrauerei zum Vorreiter beim Klimaschutz werden soll. Wir Freie Demokraten h\u00e4tten uns ein koh\u00e4rentes und sektoren\u00fcbergreifendes Klimaschutzkonzept gew\u00fcnscht, das die Transformation unserer Energieversorgung ebenso angeht, wie den Einstieg in ein CCU\/S-basiertes CO<sub>2<\/sub>-Management oder den Aufstieg der heimischen Wasserstoffwirtschaft. Gr\u00fcn-schwarze Denkverbote bei Kernenergie, Erdgasf\u00f6rderung und E-Fuels m\u00fcssen abger\u00e4umt, die Empfehlungen von Klimasachverst\u00e4ndigenrat und Weltklimarat IPCC hingegen umfassend ber\u00fccksichtigt werden.<\/p>\n<p>Mit dem heute bekannt gewordenen Ma\u00dfnahmenregister verkommt die Klimapolitik der Kretschmann-Koalition zur Karikatur. Von einer selbsternannten \u201aKlimakoalition\u2018 kann man mehr Einfallsreichtum und Augenma\u00df f\u00fcr die gro\u00dfen Zusammenh\u00e4nge erwarten. Jetzt best\u00e4tigt sich der Eindruck, des mehr Schein als Sein bei diesem Klimaschutzgesetz. Der Ausschluss der Einklagbarkeit von vorneherein best\u00e4tigt das deutlich. Dem Klimaschutz n\u00fctzt es nichts, denn au\u00dfer B\u00fcrokratie und Frust wird nichts erreicht. Das ist bedauerlich, denn wir haben keine Zeit f\u00fcr Scheinman\u00f6ver und Symbolpolitik.\u201c<\/p>\n<p>&nbsp;<\/p>\n<p>&nbsp;<\/p>\n","protected":false},"excerpt":{"rendered":"<p>Wir haben keine Zeit f\u00fcr Scheinman\u00f6ver und Symbolpolitik Zur Meldung, wonach die Landesregierung heute ihr vielkritisiertes Klimama\u00dfnahmenregister vorgestellt hat, sagte der klimapolitische Sprecher der FDP\/DVP-Fraktion, Daniel Karrais: \u201eMit \u00fcber einem [&#8230;]<\/p>\n","protected":false},"author":1,"featured_media":0,"comment_status":"open","ping_status":"closed","sticky":false,"template":"","format":"standard","meta":{"footnotes":""},"categories":[249],"tags":[651,650,699],"class_list":["post-9588","post","type-post","status-publish","format-standard","hentry","category-umwelt","tag-daniel-karrais","tag-fdp-dvp","tag-klimapolitik"],"_links":{"self":[{"href":"https:\/\/fdp-aktiv.de\/blog\/wp-json\/wp\/v2\/posts\/9588","targetHints":{"allow":["GET"]}}],"collection":[{"href":"https:\/\/fdp-aktiv.de\/blog\/wp-json\/wp\/v2\/posts"}],"about":[{"href":"https:\/\/fdp-aktiv.de\/blog\/wp-json\/wp\/v2\/types\/post"}],"author":[{"embeddable":true,"href":"https:\/\/fdp-aktiv.de\/blog\/wp-json\/wp\/v2\/users\/1"}],"replies":[{"embeddable":true,"href":"https:\/\/fdp-aktiv.de\/blog\/wp-json\/wp\/v2\/comments?post=9588"}],"version-history":[{"count":1,"href":"https:\/\/fdp-aktiv.de\/blog\/wp-json\/wp\/v2\/posts\/9588\/revisions"}],"predecessor-version":[{"id":9589,"href":"https:\/\/fdp-aktiv.de\/blog\/wp-json\/wp\/v2\/posts\/9588\/revisions\/9589"}],"wp:attachment":[{"href":"https:\/\/fdp-aktiv.de\/blog\/wp-json\/wp\/v2\/media?parent=9588"}],"wp:term":[{"taxonomy":"category","embeddable":true,"href":"https:\/\/fdp-aktiv.de\/blog\/wp-json\/wp\/v2\/categories?post=9588"},{"taxonomy":"post_tag","embeddable":true,"href":"https:\/\/fdp-aktiv.de\/blog\/wp-json\/wp\/v2\/tags?post=9588"}],"curies":[{"name":"wp","href":"https:\/\/api.w.org\/{rel}","templated":true}]}}