{"id":9592,"date":"2023-02-17T06:32:28","date_gmt":"2023-02-17T05:32:28","guid":{"rendered":"https:\/\/fdp-aktiv.de\/blog\/?p=9592"},"modified":"2023-02-17T06:32:28","modified_gmt":"2023-02-17T05:32:28","slug":"baden-wuerttemberg-schweickert-bundesregierung-loest-versprechen-ein-und-entlastet-unternehmen-von-explodierenden-energiepreisen","status":"publish","type":"post","link":"https:\/\/fdp-aktiv.de\/blog\/2023\/02\/17\/baden-wuerttemberg-schweickert-bundesregierung-loest-versprechen-ein-und-entlastet-unternehmen-von-explodierenden-energiepreisen\/","title":{"rendered":"Baden-W\u00fcrttemberg &#8211; Schweickert: Bundesregierung l\u00f6st Versprechen ein und entlastet Unternehmen von explodierenden Energiepreisen"},"content":{"rendered":"<p>Landesregierung muss Umsetzung nun schnell und unkompliziert gew\u00e4hrleisten<\/p>\n<p><strong>\u00a0<\/strong><strong>Prof. Dr. Erik Schweickert, <\/strong> mittelstandspolitischer Sprecher der FDP\/DVP-Fraktion, kommentiert die heute durch die Landesregierung bekanntgegebene Umsetzung der H\u00e4rtefallhilfen Energie f\u00fcr kleine und mittlere Unternehmen:<\/p>\n<figure id=\"attachment_4726\" aria-describedby=\"caption-attachment-4726\" style=\"width: 800px\" class=\"wp-caption aligncenter\"><a href=\"https:\/\/fdp-aktiv.de\/blog\/wp-content\/uploads\/2022\/03\/fdp_erik_schweikert_4194_final03-e1582882737582.jpg\"><img loading=\"lazy\" decoding=\"async\" class=\"size-large wp-image-4726\" src=\"https:\/\/fdp-aktiv.de\/blog\/wp-content\/uploads\/2022\/03\/fdp_erik_schweikert_4194_final03-e1582882737582-1024x1024.jpg\" alt=\"\" width=\"800\" height=\"800\" srcset=\"https:\/\/fdp-aktiv.de\/blog\/wp-content\/uploads\/2022\/03\/fdp_erik_schweikert_4194_final03-e1582882737582-1024x1024.jpg 1024w, https:\/\/fdp-aktiv.de\/blog\/wp-content\/uploads\/2022\/03\/fdp_erik_schweikert_4194_final03-e1582882737582-300x300.jpg 300w, https:\/\/fdp-aktiv.de\/blog\/wp-content\/uploads\/2022\/03\/fdp_erik_schweikert_4194_final03-e1582882737582-150x150.jpg 150w, https:\/\/fdp-aktiv.de\/blog\/wp-content\/uploads\/2022\/03\/fdp_erik_schweikert_4194_final03-e1582882737582-768x768.jpg 768w, https:\/\/fdp-aktiv.de\/blog\/wp-content\/uploads\/2022\/03\/fdp_erik_schweikert_4194_final03-e1582882737582-400x400.jpg 400w, https:\/\/fdp-aktiv.de\/blog\/wp-content\/uploads\/2022\/03\/fdp_erik_schweikert_4194_final03-e1582882737582.jpg 1115w\" sizes=\"auto, (max-width: 800px) 100vw, 800px\" \/><\/a><figcaption id=\"caption-attachment-4726\" class=\"wp-caption-text\">PROF. DR. ERIK SCHWEICKERT<\/figcaption><\/figure>\n<p>\u201eEndlich geht es los! Die Bundesregierung l\u00f6st ein wichtiges Versprechen ein und entlastet mit den H\u00e4rtefallhilfen Energie zahlreiche kleine und mittelst\u00e4ndische Unternehmen in Baden-W\u00fcrttemberg von den explodierenden Energiepreisen. Damit wird nach Gas- und Strompreisbremse ein weiterer wichtiger Schritt zur Bew\u00e4ltigung der Krise umgesetzt. Die Landesregierung muss jetzt aber auch eine schnelle und unb\u00fcrokratische Umsetzung gew\u00e4hrleisten, damit der Wirtschaft unkompliziert geholfen wird.\u201c<\/p>\n","protected":false},"excerpt":{"rendered":"<p>Landesregierung muss Umsetzung nun schnell und unkompliziert gew\u00e4hrleisten \u00a0Prof. Dr. Erik Schweickert, mittelstandspolitischer Sprecher der FDP\/DVP-Fraktion, kommentiert die heute durch die Landesregierung bekanntgegebene Umsetzung der H\u00e4rtefallhilfen Energie f\u00fcr kleine und [&#8230;]<\/p>\n","protected":false},"author":1,"featured_media":0,"comment_status":"open","ping_status":"closed","sticky":false,"template":"","format":"standard","meta":{"footnotes":""},"categories":[1979,8],"tags":[2085,650,1452],"class_list":["post-9592","post","type-post","status-publish","format-standard","hentry","category-energie","category-wirtschaft","tag-energiekosten","tag-fdp-dvp","tag-prof-dr-erik-schweickert"],"_links":{"self":[{"href":"https:\/\/fdp-aktiv.de\/blog\/wp-json\/wp\/v2\/posts\/9592","targetHints":{"allow":["GET"]}}],"collection":[{"href":"https:\/\/fdp-aktiv.de\/blog\/wp-json\/wp\/v2\/posts"}],"about":[{"href":"https:\/\/fdp-aktiv.de\/blog\/wp-json\/wp\/v2\/types\/post"}],"author":[{"embeddable":true,"href":"https:\/\/fdp-aktiv.de\/blog\/wp-json\/wp\/v2\/users\/1"}],"replies":[{"embeddable":true,"href":"https:\/\/fdp-aktiv.de\/blog\/wp-json\/wp\/v2\/comments?post=9592"}],"version-history":[{"count":1,"href":"https:\/\/fdp-aktiv.de\/blog\/wp-json\/wp\/v2\/posts\/9592\/revisions"}],"predecessor-version":[{"id":9594,"href":"https:\/\/fdp-aktiv.de\/blog\/wp-json\/wp\/v2\/posts\/9592\/revisions\/9594"}],"wp:attachment":[{"href":"https:\/\/fdp-aktiv.de\/blog\/wp-json\/wp\/v2\/media?parent=9592"}],"wp:term":[{"taxonomy":"category","embeddable":true,"href":"https:\/\/fdp-aktiv.de\/blog\/wp-json\/wp\/v2\/categories?post=9592"},{"taxonomy":"post_tag","embeddable":true,"href":"https:\/\/fdp-aktiv.de\/blog\/wp-json\/wp\/v2\/tags?post=9592"}],"curies":[{"name":"wp","href":"https:\/\/api.w.org\/{rel}","templated":true}]}}