{"id":9593,"date":"2023-02-17T06:34:47","date_gmt":"2023-02-17T05:34:47","guid":{"rendered":"https:\/\/fdp-aktiv.de\/blog\/?p=9593"},"modified":"2023-02-17T06:34:47","modified_gmt":"2023-02-17T05:34:47","slug":"hessen-dr-naas-kulturpolitik-braucht-messbare-ziele","status":"publish","type":"post","link":"https:\/\/fdp-aktiv.de\/blog\/2023\/02\/17\/hessen-dr-naas-kulturpolitik-braucht-messbare-ziele\/","title":{"rendered":"Hessen &#8211; DR. NAAS: Kulturpolitik braucht messbare Ziele"},"content":{"rendered":"<div class=\"clearfix text-formatted field field--name-body field--type-text-with-summary field--label-hidden field__item\">\n<ul>\n<li><strong>Masterplan enth\u00e4lt viel hei\u00dfe Luft und wenig Substanz\u00a0<\/strong><\/li>\n<li><strong>Freie Demokraten fordern Zeitplan und Priorisierungen<\/strong><\/li>\n<li><strong>Digitalisierung macht Kunst f\u00fcr alle verf\u00fcgbar<\/strong><\/li>\n<\/ul>\n<figure id=\"attachment_3190\" aria-describedby=\"caption-attachment-3190\" style=\"width: 800px\" class=\"wp-caption aligncenter\"><a href=\"https:\/\/fdp-aktiv.de\/blog\/wp-content\/uploads\/2021\/11\/2019.02.26_FDP_Dr.StefanNaas-1.jpg\"><img loading=\"lazy\" decoding=\"async\" class=\"size-large wp-image-3190\" src=\"https:\/\/fdp-aktiv.de\/blog\/wp-content\/uploads\/2021\/11\/2019.02.26_FDP_Dr.StefanNaas-1-1024x684.jpg\" alt=\"\" width=\"800\" height=\"534\" srcset=\"https:\/\/fdp-aktiv.de\/blog\/wp-content\/uploads\/2021\/11\/2019.02.26_FDP_Dr.StefanNaas-1-1024x684.jpg 1024w, https:\/\/fdp-aktiv.de\/blog\/wp-content\/uploads\/2021\/11\/2019.02.26_FDP_Dr.StefanNaas-1-300x200.jpg 300w, https:\/\/fdp-aktiv.de\/blog\/wp-content\/uploads\/2021\/11\/2019.02.26_FDP_Dr.StefanNaas-1-768x513.jpg 768w, https:\/\/fdp-aktiv.de\/blog\/wp-content\/uploads\/2021\/11\/2019.02.26_FDP_Dr.StefanNaas-1-1536x1025.jpg 1536w, https:\/\/fdp-aktiv.de\/blog\/wp-content\/uploads\/2021\/11\/2019.02.26_FDP_Dr.StefanNaas-1.jpg 2048w\" sizes=\"auto, (max-width: 800px) 100vw, 800px\" \/><\/a><figcaption id=\"caption-attachment-3190\" class=\"wp-caption-text\">Dr. Stefan Naas<\/figcaption><\/figure>\n<p>Dr. Stefan NAAS, kulturpolitischer Sprecher der Freien Demokraten im Hessischen Landtag, hat anl\u00e4sslich der heutigen Regierungserkl\u00e4rung von Ministerin Angela Dorn zum \u201eMasterplan Kultur\u201c zu einer gemeinsamen Kraftanstrengung f\u00fcr die Kultur aufgerufen und darauf hingewiesen, dass der Masterplan seit Beginn der Legislaturperiode als \u201eAusrede f\u00fcrs Nichtstun\u201c galt. \u201eBis dahin hat die Ministerin vor allem viel Geld in der Kultur gespart und nichts wirklich entschieden. Erst die drohende Landtagswahl hat der Ministerin jetzt Beine gemacht\u201c, erkl\u00e4rt Naas. \u201eDas Papier, das nun vorliegt, ist kein Masterplan. Der Plan enth\u00e4lt viel hei\u00dfe Luft und wenig Substanz. Er spricht von vernetzen und st\u00e4rken, nennt aber keine konkreten Ma\u00dfnahmen. Das ist kein kulturpolitisches Programm.\u201c<\/p>\n<p>Naas macht klar: \u201eKulturpolitik braucht messbare Ziele!\u201c Er vermisst im Plan der Ministerin sogenannte Leuchtturmprojekte wie Landesausstellungen, das neue Depot f\u00fcr das Landesmuseum Darmstadt und Sanierungen der in die Jahre gekommenen Staatstheater. Er fordert die Ministerin auf, zu priorisieren, einen Zeitplan vorzulegen und darzulegen, wof\u00fcr konkret Geld ausgegeben werden soll.<\/p>\n<p>Die Freien Demokraten haben bereits konkrete Vorschl\u00e4ge f\u00fcr eine bessere Kulturpolitik gemacht, vom Kulturbudget f\u00fcr Schulen \u00fcber Bibliotheken als Wohnzimmer der Stadt nach Vorbild Helsinkis bis zur\u00a0Digitalisierung von Kunst und Kultur: \u201eDie Digitalisierung hilft, unser historisches Erbe zu bewahren. Sie macht Kunst allen Menschen verf\u00fcgbar und bringt die Forschung<strong>\u00a0<\/strong>voran. Deshalb braucht es mehr digitale Erfassung von Kulturg\u00fctern und\u00a0mehr digitale Vermittlungsformate.\u201c<\/p>\n<\/div>\n","protected":false},"excerpt":{"rendered":"<p>Masterplan enth\u00e4lt viel hei\u00dfe Luft und wenig Substanz\u00a0 Freie Demokraten fordern Zeitplan und Priorisierungen Digitalisierung macht Kunst f\u00fcr alle verf\u00fcgbar Dr. Stefan NAAS, kulturpolitischer Sprecher der Freien Demokraten im Hessischen [&#8230;]<\/p>\n","protected":false},"author":1,"featured_media":0,"comment_status":"open","ping_status":"closed","sticky":false,"template":"","format":"standard","meta":{"footnotes":""},"categories":[546],"tags":[1302,635],"class_list":["post-9593","post","type-post","status-publish","format-standard","hentry","category-kultur-kunst","tag-dr-stefan-naas","tag-fdp-hessen"],"_links":{"self":[{"href":"https:\/\/fdp-aktiv.de\/blog\/wp-json\/wp\/v2\/posts\/9593","targetHints":{"allow":["GET"]}}],"collection":[{"href":"https:\/\/fdp-aktiv.de\/blog\/wp-json\/wp\/v2\/posts"}],"about":[{"href":"https:\/\/fdp-aktiv.de\/blog\/wp-json\/wp\/v2\/types\/post"}],"author":[{"embeddable":true,"href":"https:\/\/fdp-aktiv.de\/blog\/wp-json\/wp\/v2\/users\/1"}],"replies":[{"embeddable":true,"href":"https:\/\/fdp-aktiv.de\/blog\/wp-json\/wp\/v2\/comments?post=9593"}],"version-history":[{"count":1,"href":"https:\/\/fdp-aktiv.de\/blog\/wp-json\/wp\/v2\/posts\/9593\/revisions"}],"predecessor-version":[{"id":9595,"href":"https:\/\/fdp-aktiv.de\/blog\/wp-json\/wp\/v2\/posts\/9593\/revisions\/9595"}],"wp:attachment":[{"href":"https:\/\/fdp-aktiv.de\/blog\/wp-json\/wp\/v2\/media?parent=9593"}],"wp:term":[{"taxonomy":"category","embeddable":true,"href":"https:\/\/fdp-aktiv.de\/blog\/wp-json\/wp\/v2\/categories?post=9593"},{"taxonomy":"post_tag","embeddable":true,"href":"https:\/\/fdp-aktiv.de\/blog\/wp-json\/wp\/v2\/tags?post=9593"}],"curies":[{"name":"wp","href":"https:\/\/api.w.org\/{rel}","templated":true}]}}