{"id":9633,"date":"2023-02-18T06:30:12","date_gmt":"2023-02-18T05:30:12","guid":{"rendered":"https:\/\/fdp-aktiv.de\/blog\/?p=9633"},"modified":"2023-02-18T06:30:12","modified_gmt":"2023-02-18T05:30:12","slug":"baden-wuerttemberg-hoher-wir-brauchen-zeitgemaesse-loesungsansaetze-im-umgang-mit-dem-wolf","status":"publish","type":"post","link":"https:\/\/fdp-aktiv.de\/blog\/2023\/02\/18\/baden-wuerttemberg-hoher-wir-brauchen-zeitgemaesse-loesungsansaetze-im-umgang-mit-dem-wolf\/","title":{"rendered":"Baden-W\u00fcrttemberg &#8211; Hoher: Wir brauchen zeitgem\u00e4\u00dfe L\u00f6sungsans\u00e4tze im Umgang mit dem Wolf"},"content":{"rendered":"<p>Ein unkontrolliertes Ausbreiten des Wolfs muss verhindert werden.<\/p>\n<p>Zur Meldung, dass auf einem Foto einer Wildtierkamera in der N\u00e4he des Schluchsees zwei W\u00f6lfe zu sehen sind und es sich dabei sehr wahrscheinlich um einen m\u00e4nnlichen und einen weiblichen Wolf handelt, meint der naturschutzpolitische Sprecher der FDP\/DVP-Fraktion,\u00a0<strong>Klaus Hoher<\/strong>:<\/p>\n<p><a href=\"https:\/\/fdp-aktiv.de\/blog\/wp-content\/uploads\/2022\/02\/wolves-2178126_1280.jpg\"><img loading=\"lazy\" decoding=\"async\" class=\"aligncenter size-large wp-image-4458\" src=\"https:\/\/fdp-aktiv.de\/blog\/wp-content\/uploads\/2022\/02\/wolves-2178126_1280-1024x683.jpg\" alt=\"\" width=\"800\" height=\"534\" srcset=\"https:\/\/fdp-aktiv.de\/blog\/wp-content\/uploads\/2022\/02\/wolves-2178126_1280-1024x683.jpg 1024w, https:\/\/fdp-aktiv.de\/blog\/wp-content\/uploads\/2022\/02\/wolves-2178126_1280-300x200.jpg 300w, https:\/\/fdp-aktiv.de\/blog\/wp-content\/uploads\/2022\/02\/wolves-2178126_1280-768x512.jpg 768w, https:\/\/fdp-aktiv.de\/blog\/wp-content\/uploads\/2022\/02\/wolves-2178126_1280.jpg 1280w\" sizes=\"auto, (max-width: 800px) 100vw, 800px\" \/><\/a><\/p>\n<p>\u201eWir brauchen zeitgem\u00e4\u00dfe L\u00f6sungsans\u00e4tze im Umgang mit dem Wolf. Die Landesregierung muss ein unkontrolliertes Ausbreiten verhindern. Sie konzentriert sich seit der R\u00fcckkehr des Wolfs nach Baden-W\u00fcrttemberg einseitig auf dessen Schutz. Wir d\u00fcrfen aber nicht l\u00e4nger nur einzelne Tiere oder Arten im Blick haben, wir m\u00fcssen den gesamten Naturraum betrachten. Der Wolf ist schon lange nicht mehr vom Aussterben bedroht, daf\u00fcr bald die Weidetierhaltung und damit die Offenhaltung der Landschaft und die Biodiversit\u00e4t.<\/p>\n<p>Anstatt zum Wettr\u00fcsten mit Herdenschutzma\u00dfnahmen aufzurufen, muss die Landesregierung die berechtigten Sorgen der Weide- und Nutztierhalter endlich ernst nehmen. Herdenschutz ist nicht fl\u00e4chendeckend m\u00f6glich und sch\u00fctzt nicht zu 100 Prozent. Gerissene Tiere sind eine emotionale und finanzielle Belastung f\u00fcr die Tierhaltenden, was deren Existenz bedroht. Dass k\u00fcnftig Wanderwege und Mountainbike-Strecken von Z\u00e4unen durchschnitten werden, kann auch niemand wollen.<\/p>\n<p>Das Land muss f\u00fcr ein aktives Wolfsbestandsmanagement sorgen und den Wolf in das Schutzmanagement des Jagd- und Wildtiermanagementgesetzes (JWMG) aufnehmen. Au\u00dferdem muss es sich wirksam daf\u00fcr einsetzen, dass auf EU-Ebene weiter an der Senkung des Schutzstatus des Wolfs gearbeitet wird. Der aktuelle Artenschutz beim Wolf ist v\u00f6llig veraltet. Der Wolf muss entsprechend der FFH-Richtlinie aus dem Anhang IV (strenger Schutz) in Anhang V (Schutz mit erweiterten M\u00f6glichkeiten des aktiven Managements) \u00fcberf\u00fchrt werden.\u201c<\/p>\n<p>&nbsp;<\/p>\n","protected":false},"excerpt":{"rendered":"<p>Ein unkontrolliertes Ausbreiten des Wolfs muss verhindert werden. Zur Meldung, dass auf einem Foto einer Wildtierkamera in der N\u00e4he des Schluchsees zwei W\u00f6lfe zu sehen sind und es sich dabei [&#8230;]<\/p>\n","protected":false},"author":1,"featured_media":0,"comment_status":"open","ping_status":"closed","sticky":false,"template":"","format":"standard","meta":{"footnotes":""},"categories":[249],"tags":[650,1689,1771],"class_list":["post-9633","post","type-post","status-publish","format-standard","hentry","category-umwelt","tag-fdp-dvp","tag-klaus-hoher","tag-wolf"],"_links":{"self":[{"href":"https:\/\/fdp-aktiv.de\/blog\/wp-json\/wp\/v2\/posts\/9633","targetHints":{"allow":["GET"]}}],"collection":[{"href":"https:\/\/fdp-aktiv.de\/blog\/wp-json\/wp\/v2\/posts"}],"about":[{"href":"https:\/\/fdp-aktiv.de\/blog\/wp-json\/wp\/v2\/types\/post"}],"author":[{"embeddable":true,"href":"https:\/\/fdp-aktiv.de\/blog\/wp-json\/wp\/v2\/users\/1"}],"replies":[{"embeddable":true,"href":"https:\/\/fdp-aktiv.de\/blog\/wp-json\/wp\/v2\/comments?post=9633"}],"version-history":[{"count":1,"href":"https:\/\/fdp-aktiv.de\/blog\/wp-json\/wp\/v2\/posts\/9633\/revisions"}],"predecessor-version":[{"id":9634,"href":"https:\/\/fdp-aktiv.de\/blog\/wp-json\/wp\/v2\/posts\/9633\/revisions\/9634"}],"wp:attachment":[{"href":"https:\/\/fdp-aktiv.de\/blog\/wp-json\/wp\/v2\/media?parent=9633"}],"wp:term":[{"taxonomy":"category","embeddable":true,"href":"https:\/\/fdp-aktiv.de\/blog\/wp-json\/wp\/v2\/categories?post=9633"},{"taxonomy":"post_tag","embeddable":true,"href":"https:\/\/fdp-aktiv.de\/blog\/wp-json\/wp\/v2\/tags?post=9633"}],"curies":[{"name":"wp","href":"https:\/\/api.w.org\/{rel}","templated":true}]}}