{"id":9636,"date":"2023-02-18T06:37:22","date_gmt":"2023-02-18T05:37:22","guid":{"rendered":"https:\/\/fdp-aktiv.de\/blog\/?p=9636"},"modified":"2023-02-18T06:37:22","modified_gmt":"2023-02-18T05:37:22","slug":"sachsen-anhalt-faber-wolf-ist-etabliert-verbreitet-sich-schnell-und-gehoert-ins-jagdrecht-liberale-draengen-auf-gesetzesaenderung-notfalls-durch-parlament","status":"publish","type":"post","link":"https:\/\/fdp-aktiv.de\/blog\/2023\/02\/18\/sachsen-anhalt-faber-wolf-ist-etabliert-verbreitet-sich-schnell-und-gehoert-ins-jagdrecht-liberale-draengen-auf-gesetzesaenderung-notfalls-durch-parlament\/","title":{"rendered":"Sachsen-Anhalt &#8211; Faber: \u201eWolf ist etabliert, verbreitet sich schnell und geh\u00f6rt ins Jagdrecht\u201c \u2013 Liberale dr\u00e4ngen auf Gesetzes\u00e4nderung, notfalls durch Parlament"},"content":{"rendered":"<p>\u201eDer Wolf geh\u00f6rt in Sachsen-Anhalt l\u00e4ngst zu den heimischen Arten und wie alle anderen heimischen Tierarten wollen wir ihn ins Jagdrecht aufnehmen\u201c, erkl\u00e4rt der stellvertretende Landesvorsitzende der Freien Demokraten Sachsen-Anhalt, Marcus Faber.<\/p>\n<figure id=\"attachment_9637\" aria-describedby=\"caption-attachment-9637\" style=\"width: 917px\" class=\"wp-caption aligncenter\"><a href=\"https:\/\/fdp-aktiv.de\/blog\/wp-content\/uploads\/2023\/02\/Wolf_2.png\"><img loading=\"lazy\" decoding=\"async\" class=\"size-full wp-image-9637\" src=\"https:\/\/fdp-aktiv.de\/blog\/wp-content\/uploads\/2023\/02\/Wolf_2.png\" alt=\"\" width=\"917\" height=\"520\" srcset=\"https:\/\/fdp-aktiv.de\/blog\/wp-content\/uploads\/2023\/02\/Wolf_2.png 917w, https:\/\/fdp-aktiv.de\/blog\/wp-content\/uploads\/2023\/02\/Wolf_2-300x170.png 300w, https:\/\/fdp-aktiv.de\/blog\/wp-content\/uploads\/2023\/02\/Wolf_2-768x436.png 768w\" sizes=\"auto, (max-width: 917px) 100vw, 917px\" \/><\/a><figcaption id=\"caption-attachment-9637\" class=\"wp-caption-text\">Bild von <a href=\"https:\/\/pixabay.com\/de\/users\/sch\u00e4ferle-3372715\/?utm_source=link-attribution&amp;utm_medium=referral&amp;utm_campaign=image&amp;utm_content=2043464\">Elias<\/a> auf <a href=\"https:\/\/pixabay.com\/de\/\/?utm_source=link-attribution&amp;utm_medium=referral&amp;utm_campaign=image&amp;utm_content=2043464\">Pixabay<\/a><\/figcaption><\/figure>\n<p>Der FDP-Landesvorstand hatte sich zuvor f\u00fcr eine schnelle \u00c4nderung des Landesjagdgesetzes ausgesprochen. \u201eWir haben im Koalitionsvertrag vereinbart, dass der Wolf ins Jagdrecht kommt und bislang haben wir hier noch nicht viel gesehen. Wir erwarten, dass Umweltminister Willingmann nun schnell eine entsprechende Gesetzes\u00e4nderung vorlegt. Notfalls muss das Parlament mit einer eigenen Initiative t\u00e4tig werden\u201c, so Faber.<\/p>\n<p>&nbsp;<\/p>\n<p>Die Aufnahme ins Jagdrecht bringe vor allem eine Gleichbehandlung mit anderen gef\u00e4hrdeten heimischen Arten, wie dem Luchs. Faber: \u201eWir versprechen uns davon konkrete Erleichterungen bei Alltagsproblemen: J\u00e4ger, die einen verletzten Wolf antreffen, m\u00fcssen erst auf einen Tierarzt warten, bis dieser von seinen Qualen erl\u00f6st werden kann. Werden sie selbst t\u00e4tig, drohen ihnen drakonische Strafen. Das ist unverh\u00e4ltnism\u00e4\u00dfig, schlie\u00dflich hat sich der Wolf l\u00e4ngst etabliert, verbreitet sich schnell und ist keineswegs mehr vom Aussterben bedroht.\u201c Das Raubtier solle zun\u00e4chst einen ganzj\u00e4hrigen Schutzstatus bekommen, bis entsprechende Richtlinien f\u00fcr ein wirksames Populationsmanagement erarbeitet sind.<\/p>\n<p>&nbsp;<\/p>\n","protected":false},"excerpt":{"rendered":"<p>\u201eDer Wolf geh\u00f6rt in Sachsen-Anhalt l\u00e4ngst zu den heimischen Arten und wie alle anderen heimischen Tierarten wollen wir ihn ins Jagdrecht aufnehmen\u201c, erkl\u00e4rt der stellvertretende Landesvorsitzende der Freien Demokraten Sachsen-Anhalt, [&#8230;]<\/p>\n","protected":false},"author":1,"featured_media":0,"comment_status":"open","ping_status":"closed","sticky":false,"template":"","format":"standard","meta":{"footnotes":""},"categories":[249],"tags":[857,3108,819,1771],"class_list":["post-9636","post","type-post","status-publish","format-standard","hentry","category-umwelt","tag-fdp-lsa","tag-jagdrecht","tag-marcus-faber","tag-wolf"],"_links":{"self":[{"href":"https:\/\/fdp-aktiv.de\/blog\/wp-json\/wp\/v2\/posts\/9636","targetHints":{"allow":["GET"]}}],"collection":[{"href":"https:\/\/fdp-aktiv.de\/blog\/wp-json\/wp\/v2\/posts"}],"about":[{"href":"https:\/\/fdp-aktiv.de\/blog\/wp-json\/wp\/v2\/types\/post"}],"author":[{"embeddable":true,"href":"https:\/\/fdp-aktiv.de\/blog\/wp-json\/wp\/v2\/users\/1"}],"replies":[{"embeddable":true,"href":"https:\/\/fdp-aktiv.de\/blog\/wp-json\/wp\/v2\/comments?post=9636"}],"version-history":[{"count":1,"href":"https:\/\/fdp-aktiv.de\/blog\/wp-json\/wp\/v2\/posts\/9636\/revisions"}],"predecessor-version":[{"id":9638,"href":"https:\/\/fdp-aktiv.de\/blog\/wp-json\/wp\/v2\/posts\/9636\/revisions\/9638"}],"wp:attachment":[{"href":"https:\/\/fdp-aktiv.de\/blog\/wp-json\/wp\/v2\/media?parent=9636"}],"wp:term":[{"taxonomy":"category","embeddable":true,"href":"https:\/\/fdp-aktiv.de\/blog\/wp-json\/wp\/v2\/categories?post=9636"},{"taxonomy":"post_tag","embeddable":true,"href":"https:\/\/fdp-aktiv.de\/blog\/wp-json\/wp\/v2\/tags?post=9636"}],"curies":[{"name":"wp","href":"https:\/\/api.w.org\/{rel}","templated":true}]}}