{"id":978,"date":"2021-04-13T07:16:12","date_gmt":"2021-04-13T05:16:12","guid":{"rendered":"https:\/\/fdp-aktiv.de\/blog\/?p=978"},"modified":"2021-04-13T07:16:12","modified_gmt":"2021-04-13T05:16:12","slug":"testpflicht-fuer-betriebe-kommt","status":"publish","type":"post","link":"https:\/\/fdp-aktiv.de\/blog\/2021\/04\/13\/testpflicht-fuer-betriebe-kommt\/","title":{"rendered":"Testpflicht f\u00fcr Betriebe kommt"},"content":{"rendered":"<p>Das will das Kabinett am Dienstag beschlie\u00dfen. Wie und vor allem wie schnell aber auch das Infektionsschutzgesetz versch\u00e4rft werden soll &#8211; dar\u00fcber gehen die Meinungen auseinander.<\/p>\n<p class=\" css-13wylk3\">An diesem Dienstag soll das Kabinett eigentlich der geplanten Versch\u00e4rfung des Infektionsschutzgesetzes zustimmen. Neben einer verpflichtenden Notbremse jenseits einer Inzidenz von 100 soll es dem Bund auch mehr Kompetenzen in der Pandemiebek\u00e4mpfung verschaffen. Die Details aber waren am Montag noch unklar. &#8220;Die Abstimmungen f\u00fcr das ganze Paket laufen noch&#8221;, sagte Regierungssprecher Steffen Seibert. Verhandelt werde zwischen Bund und L\u00e4ndern und zwischen der Bundesregierung und den Fraktionen. Aus Regierungskreisen war zu h\u00f6ren, dass der finale Entwurf wom\u00f6glich erst in der Nacht fertig werden\u00a0k\u00f6nnte.<\/p>\n<p class=\" css-13wylk3\">Der vorangegangene Entwurf vom Wochenende sah unter anderem Ausgangsbeschr\u00e4nkungen vor: &#8220;Von 21 Uhr bis 5 Uhr ist der Aufenthalt au\u00dferhalb einer Wohnung untersagt&#8221;; als Ausnahmen sind medizinische Notf\u00e4lle aufgelistet, aber auch die Betreuung unterst\u00fctzungsbed\u00fcrftiger Personen oder die Versorgung von\u00a0Tieren.<\/p>\n<div class=\"css-n8hqbv\">\n<figure class=\"teaserable-layout teaserable-layout--teaser\">\n<div class=\"sz-teaser__content-wrapper\">\n<div class=\"sz-teaser__content-wrapper\">\n<div class=\"sz-teaser__image-container sz-teaser__image-container--s\"><picture><source srcset=\"https:\/\/media-cdn.sueddeutsche.de\/image\/sz.1.5260648\/200x150?v=1618235955000&amp;format=webp 200w, https:\/\/media-cdn.sueddeutsche.de\/image\/sz.1.5260648\/100x75?v=1618235955000&amp;format=webp 100w, https:\/\/media-cdn.sueddeutsche.de\/image\/sz.1.5260648\/400x300?v=1618235955000&amp;format=webp 400w\" type=\"image\/webp\" data-srcset=\"https:\/\/media-cdn.sueddeutsche.de\/image\/sz.1.5260648\/200x150?v=1618235955000&amp;format=webp 200w, https:\/\/media-cdn.sueddeutsche.de\/image\/sz.1.5260648\/100x75?v=1618235955000&amp;format=webp 100w, https:\/\/media-cdn.sueddeutsche.de\/image\/sz.1.5260648\/400x300?v=1618235955000&amp;format=webp 400w\" \/><img loading=\"lazy\" decoding=\"async\" class=\"sz-teaser__image sz-teaser__image--s lazyloaded\" src=\"https:\/\/media-cdn.sueddeutsche.de\/image\/sz.1.5260648\/200x150?v=1618235955000\" sizes=\"auto, (min-width: 1000px) 200px, 37vw\" srcset=\"https:\/\/media-cdn.sueddeutsche.de\/image\/sz.1.5260648\/200x150?v=1618235955000 200w, https:\/\/media-cdn.sueddeutsche.de\/image\/sz.1.5260648\/100x75?v=1618235955000 100w, https:\/\/media-cdn.sueddeutsche.de\/image\/sz.1.5260648\/400x300?v=1618235955000 400w\" alt=\"Coronavirus Im Wirrwarr der Regeln\" width=\"614\" height=\"461\" data-src=\"https:\/\/media-cdn.sueddeutsche.de\/image\/sz.1.5260648\/200x150?v=1618235955000\" data-srcset=\"https:\/\/media-cdn.sueddeutsche.de\/image\/sz.1.5260648\/200x150?v=1618235955000 200w, https:\/\/media-cdn.sueddeutsche.de\/image\/sz.1.5260648\/100x75?v=1618235955000 100w, https:\/\/media-cdn.sueddeutsche.de\/image\/sz.1.5260648\/400x300?v=1618235955000 400w\" \/><\/picture><\/div>\n<\/div>\n<\/div><figcaption class=\"teaserable-layout__figcaption\">\n<div class=\"sz-teaser__text-container--s\">\n<div class=\"sz-teaser__overline\">\n<div class=\"sz-teaser__overline-title\">Coronavirus<\/div>\n<\/div>\n<h3 class=\"sz-teaser__title\">Im Wirrwarr der Regeln<\/h3>\n<p class=\"sz-teaser__summary\">Eine fortlaufende Befragung zeigt, dass immer weniger Menschen wissen, welche Einschr\u00e4nkungen gerade gelten. Und obwohl viele h\u00e4rtere Ma\u00dfnahmen wollen, reduzieren sie ihre Kontakte kaum. \u2002<span class=\"sz-teaser__author\">Von Christina Kunkel<\/span><\/p>\n<\/div>\n<\/figcaption><\/figure>\n<\/div>\n<p class=\" css-13wylk3\">Die FDP hat allerdings mit Blick auf die Ausgangsbeschr\u00e4nkungen eine rote Linie gezogen. Sie will im\u00a0<a href=\"https:\/\/www.sueddeutsche.de\/thema\/Bundestag\">Bundestag<\/a>\u00a0keinem Infektionsschutzgesetz zustimmen, das Ausgangssperren\u00a0vorsieht.<\/p>\n<p class=\" css-13wylk3\">Grunds\u00e4tzlich halte man einheitliche Regeln f\u00fcr notwendig, sagte FDP-Chef Christian Lindner im Deutschlandfunk. Ausgangssperren sehe seine Partei aber &#8220;bis auf wirklich wenige Ausnahmef\u00e4lle als unverh\u00e4ltnism\u00e4\u00dfig an, weil die Auswirkungen auf das Infektionsgeschehen nicht gegeben oder zumindest sehr gering sind&#8221;. In Wahrheit gehe es ja darum, Ansammlungen von Menschen oder auch Wohnungspartys und \u00c4hnliches zu unterbinden. Daf\u00fcr m\u00fcsse man aber keine generelle Ausgangssperre verh\u00e4ngen. Da gebe es &#8220;mildere Mittel&#8221;.<\/p>\n<h3>&#8220;Fehler von historischem Ausma\u00df&#8221;<\/h3>\n<p class=\" css-13wylk3\">Schmerzlich w\u00e4re das Nein der FDP insbesondere f\u00fcr CDU-Chef\u00a0<a href=\"https:\/\/www.sueddeutsche.de\/thema\/Armin_Laschet\">Armin Laschet<\/a>. Der nordrhein-westf\u00e4lische Ministerpr\u00e4sident und von der CDU-Spitze gew\u00fcnschte Kanzlerkandidat der Union k\u00f6nnte gezwungen sein, sich mit R\u00fccksicht auf seinen D\u00fcsseldorfer Koalitionspartner FDP im Bundesrat zu enthalten. FDP-Landeschef und Vize-Ministerpr\u00e4sident Joachim Stamp hielt sich das am Montag zwar zun\u00e4chst offen, sprach aber im WDR von &#8220;erheblichen M\u00e4ngeln&#8221; des\u00a0Entwurfs.<\/p>\n<p class=\" css-13wylk3\">Deutlicher wurde der parlamentarische Gesch\u00e4ftsf\u00fchrer der FDP-Landtagsfraktion, Henning H\u00f6ne. &#8220;Das von CDU und SPD geplante Eilverfahren zur Zentralisierung der sch\u00e4rfsten Grundrechtseingriffe in der Geschichte der Bundesrepublik ist ein Fehler von historischem Ausma\u00df&#8221;, sagte er der S\u00fcddeutschen Zeitung. Eine pauschale landesweite Ausgangssperre lehne die Landtagsfraktion als &#8220;unverh\u00e4ltnism\u00e4\u00dfig und ineffizient&#8221; ab. Laschet hatte schon am Sonntagabend in der ARD gesagt: &#8220;Wenn in einer Koalition ein Koalitionspartner eine andere Meinung hat, muss man sich\u00a0enthalten.&#8221;<\/p>\n<p class=\" css-13wylk3\">Auch bei den Gr\u00fcnen regte sich Kritik an den Pl\u00e4nen. &#8220;Es muss noch enorm nachgearbeitet werden&#8221;, sagte Co-Parteichef Robert Habeck. Ob die Gr\u00fcnen am Ende zustimmten, h\u00e4nge von den \u00c4nderungen ab, die noch in den Entwurf einflie\u00dfen w\u00fcrden. Ausgangssperren von einer Inzidenz von 100 an seien unverh\u00e4ltnism\u00e4\u00dfig, so\u00a0Habeck.<\/p>\n<p class=\" css-13wylk3\">Unionsfraktionschef Ralph Brinkhaus (CDU) sagte im ARD-Morgenmagazin: &#8220;Alle Argumente liegen seit Monaten auf dem Tisch. Alle Ma\u00dfnahmen sind bewertet. Deshalb meine dringende Bitte an die Opposition: Lasst uns das diese Woche zum Ende bringen.&#8221; Hintergrund ist, dass die Opposition einer Fristverk\u00fcrzung im Gesetzgebungsprozess zustimmen muss.<\/p>\n<h3>Tests und Masken verursachen Betrieben Kosten<\/h3>\n<p class=\" css-13wylk3\">Fest stand am Montag dagegen schon, dass das Kabinett am Dienstag eine Testpflicht in den Betrieben auf den Weg bringen wird. In dem Entwurf f\u00fcr die entsprechende \u00c4nderung der Arbeitsschutzverordnung hei\u00dft es: &#8220;F\u00fcr alle Betriebe, Einrichtungen und Verwaltungen in Deutschland, deren Besch\u00e4ftigte nicht im Homeoffice arbeiten, wird daher die Pflicht eingef\u00fchrt, jeder und jedem ihrer Besch\u00e4ftigten mindestens einmal in der Woche einen Test\u00a0anzubieten.&#8221;<\/p>\n<p class=\" css-13wylk3\">Eine Selbstverpflichtung, wie sie die Wirtschaft selbst gefordert hat, sei &#8220;keine Alternative&#8221;; nach aktuellen Umfragen erhielten derzeit nur 61 Prozent der Arbeitnehmer ein Testangebot. Das sei zur Eind\u00e4mmung der Pandemie &#8220;nicht ausreichend&#8221;. Der Hauptgesch\u00e4ftsf\u00fchrer der Arbeitgeber, Steffen Kampeter, sprach von einer &#8220;Misstrauenserkl\u00e4rung&#8221; gegen\u00fcber Unternehmen und\u00a0Besch\u00e4ftigten.<\/p>\n<p class=\" css-13wylk3\">Auf die Betriebe kommen bis Ende Juni Sachkosten von bis zu 130 Euro je betroffenem Besch\u00e4ftigten zu; inklusive der Kosten f\u00fcr die ebenfalls verl\u00e4ngerte Pflicht, medizinische Masken zur Verf\u00fcgung zu stellen. Teilweise werden auch zwei Tests pro Woche verlangt, etwa wenn Mitarbeiter in Gruppenunterk\u00fcnften\u00a0wohnen.<\/p>\n<p>&nbsp;<\/p>\n<p>&nbsp;<\/p>\n<h3>Original Content:<\/h3>\n<p><a href=\"https:\/\/www.sueddeutsche.de\/politik\/testpflicht-infektionsschutzgesetz-fdp-1.5262647\">S\u00fcddeutsche Zeitung<\/a>\u00a0 \u00a0&#8211;\u00a0 \u00a013.04.21\u00a0 \u00a0&#8211;\u00a0 \u00a007:15 Uhr<\/p>\n<p>&nbsp;<\/p>\n<h3>Weitere Themen:<\/h3>\n<p><a title=\"FDP und Gr\u00fcne setzen Kramp-Karrenbauer unter Druck\" href=\"https:\/\/fdp-aktiv.de\/blog\/2021\/04\/12\/fdp-und-gruene-setzen-kramp-karrenbauer-unter-druck\/\">FDP und Gr\u00fcne setzen Kramp-Karrenbauer unter Druck<\/a><\/p>\n<p>&nbsp;<\/p>\n","protected":false},"excerpt":{"rendered":"<p>Das will das Kabinett am Dienstag beschlie\u00dfen. Wie und vor allem wie schnell aber auch das Infektionsschutzgesetz versch\u00e4rft werden soll &#8211; dar\u00fcber gehen die Meinungen auseinander. An diesem Dienstag soll [&#8230;]<\/p>\n","protected":false},"author":1,"featured_media":0,"comment_status":"open","ping_status":"closed","sticky":false,"template":"","format":"standard","meta":{"footnotes":""},"categories":[4,8],"tags":[168,13,542,575,572,574,573],"class_list":["post-978","post","type-post","status-publish","format-standard","hentry","category-covid-19","category-wirtschaft","tag-ausgangsbeschraenkungen","tag-fdp","tag-fdpaktiv","tag-henning-hoehne","tag-infektionsschutzgesetz","tag-joachim-stamp","tag-keine-ausgangssperren"],"_links":{"self":[{"href":"https:\/\/fdp-aktiv.de\/blog\/wp-json\/wp\/v2\/posts\/978","targetHints":{"allow":["GET"]}}],"collection":[{"href":"https:\/\/fdp-aktiv.de\/blog\/wp-json\/wp\/v2\/posts"}],"about":[{"href":"https:\/\/fdp-aktiv.de\/blog\/wp-json\/wp\/v2\/types\/post"}],"author":[{"embeddable":true,"href":"https:\/\/fdp-aktiv.de\/blog\/wp-json\/wp\/v2\/users\/1"}],"replies":[{"embeddable":true,"href":"https:\/\/fdp-aktiv.de\/blog\/wp-json\/wp\/v2\/comments?post=978"}],"version-history":[{"count":1,"href":"https:\/\/fdp-aktiv.de\/blog\/wp-json\/wp\/v2\/posts\/978\/revisions"}],"predecessor-version":[{"id":979,"href":"https:\/\/fdp-aktiv.de\/blog\/wp-json\/wp\/v2\/posts\/978\/revisions\/979"}],"wp:attachment":[{"href":"https:\/\/fdp-aktiv.de\/blog\/wp-json\/wp\/v2\/media?parent=978"}],"wp:term":[{"taxonomy":"category","embeddable":true,"href":"https:\/\/fdp-aktiv.de\/blog\/wp-json\/wp\/v2\/categories?post=978"},{"taxonomy":"post_tag","embeddable":true,"href":"https:\/\/fdp-aktiv.de\/blog\/wp-json\/wp\/v2\/tags?post=978"}],"curies":[{"name":"wp","href":"https:\/\/api.w.org\/{rel}","templated":true}]}}