{"id":9846,"date":"2023-03-01T17:21:19","date_gmt":"2023-03-01T16:21:19","guid":{"rendered":"https:\/\/fdp-aktiv.de\/blog\/?p=9846"},"modified":"2023-03-01T17:21:19","modified_gmt":"2023-03-01T16:21:19","slug":"schleswig-holstein-bernd-buchholz-pruefpflicht-fuer-abwasserleitungen-ist-eine-farce","status":"publish","type":"post","link":"https:\/\/fdp-aktiv.de\/blog\/2023\/03\/01\/schleswig-holstein-bernd-buchholz-pruefpflicht-fuer-abwasserleitungen-ist-eine-farce\/","title":{"rendered":"Schleswig-Holstein &#8211; Bernd Buchholz: Pr\u00fcfpflicht f\u00fcr Abwasserleitungen ist eine Farce"},"content":{"rendered":"<div class=\"clearfix text-formatted field field--name-body field--type-text-with-summary field--label-hidden field__item\">\n<p>Zur heute vom Umweltministerium bekanntgegebenen neuen Frist f\u00fcr die Dichtheitspr\u00fcfung von Abwasserleitungen\u00a0erkl\u00e4rt der wohnungsbaupolitische Sprecher der FDP-Fraktion,\u00a0<strong>Bernd Buchholz<\/strong>:<\/p>\n<figure id=\"attachment_8117\" aria-describedby=\"caption-attachment-8117\" style=\"width: 700px\" class=\"wp-caption aligncenter\"><a href=\"https:\/\/fdp-aktiv.de\/blog\/wp-content\/uploads\/2022\/11\/1400-BDX4333.jpg\"><img loading=\"lazy\" decoding=\"async\" class=\"size-full wp-image-8117\" src=\"https:\/\/fdp-aktiv.de\/blog\/wp-content\/uploads\/2022\/11\/1400-BDX4333.jpg\" alt=\"Bernd Buchholz\" width=\"700\" height=\"441\" srcset=\"https:\/\/fdp-aktiv.de\/blog\/wp-content\/uploads\/2022\/11\/1400-BDX4333.jpg 700w, https:\/\/fdp-aktiv.de\/blog\/wp-content\/uploads\/2022\/11\/1400-BDX4333-300x189.jpg 300w\" sizes=\"auto, (max-width: 700px) 100vw, 700px\" \/><\/a><figcaption id=\"caption-attachment-8117\" class=\"wp-caption-text\">Bernd Buchholz<\/figcaption><\/figure>\n<p>\u201eEs ist eine Farce, dass das Umweltministerium an den Abwasserdichtheitspr\u00fcfungen festh\u00e4lt. Vor kurzem erst hat das Ministerium\u00a0 in unserer Kleinen Anfrage gesagt, dass ihnen in den vergangenen zehn Jahren weder undichte Abwasserleitungen bekannt geworden sind, noch dass sie kontrollieren, ob die eigens vom Ministerium eingef\u00fchrte Pr\u00fcfpflicht auch eingehalten wird. Das Land hat also eine Pflicht geschaffen, deren Ergebnis im Ministerium niemanden interessiert. Konsequent w\u00e4re daher gewesen, die Abwasserdichtheitspr\u00fcfung abzuschaffen und Hauseigent\u00fcmer von dieser v\u00f6llig unn\u00f6tigen B\u00fcrokratie zu entlasten.\u201c<\/p>\n<p><strong>Anlage:<\/strong><\/p>\n<p><a href=\"https:\/\/crm.fdp-fraktion-sh.de\/sites\/default\/files\/inline-files\/20230206_Kleine%20Anfrage%20zur%20Abwasserdichtheitspr%C3%BCfung.pdf\" data-entity-type=\"file\" data-entity-uuid=\"ee5af23e-69c6-4a71-89b1-a074bdd5f966\">20230206_Kleine Anfrage zur Abwasserdichtheitspr\u00fcfung.pdf<\/a><\/p>\n<\/div>\n","protected":false},"excerpt":{"rendered":"<p>Zur heute vom Umweltministerium bekanntgegebenen neuen Frist f\u00fcr die Dichtheitspr\u00fcfung von Abwasserleitungen\u00a0erkl\u00e4rt der wohnungsbaupolitische Sprecher der FDP-Fraktion,\u00a0Bernd Buchholz: \u201eEs ist eine Farce, dass das Umweltministerium an den Abwasserdichtheitspr\u00fcfungen festh\u00e4lt. Vor [&#8230;]<\/p>\n","protected":false},"author":1,"featured_media":0,"comment_status":"open","ping_status":"closed","sticky":false,"template":"","format":"standard","meta":{"footnotes":""},"categories":[207],"tags":[3155,484,814,3156],"class_list":["post-9846","post","type-post","status-publish","format-standard","hentry","category-familie-wohnen","tag-abwasserleitungen","tag-bernd-buchholz","tag-fdp-lsh","tag-pruefpflicht"],"_links":{"self":[{"href":"https:\/\/fdp-aktiv.de\/blog\/wp-json\/wp\/v2\/posts\/9846","targetHints":{"allow":["GET"]}}],"collection":[{"href":"https:\/\/fdp-aktiv.de\/blog\/wp-json\/wp\/v2\/posts"}],"about":[{"href":"https:\/\/fdp-aktiv.de\/blog\/wp-json\/wp\/v2\/types\/post"}],"author":[{"embeddable":true,"href":"https:\/\/fdp-aktiv.de\/blog\/wp-json\/wp\/v2\/users\/1"}],"replies":[{"embeddable":true,"href":"https:\/\/fdp-aktiv.de\/blog\/wp-json\/wp\/v2\/comments?post=9846"}],"version-history":[{"count":1,"href":"https:\/\/fdp-aktiv.de\/blog\/wp-json\/wp\/v2\/posts\/9846\/revisions"}],"predecessor-version":[{"id":9847,"href":"https:\/\/fdp-aktiv.de\/blog\/wp-json\/wp\/v2\/posts\/9846\/revisions\/9847"}],"wp:attachment":[{"href":"https:\/\/fdp-aktiv.de\/blog\/wp-json\/wp\/v2\/media?parent=9846"}],"wp:term":[{"taxonomy":"category","embeddable":true,"href":"https:\/\/fdp-aktiv.de\/blog\/wp-json\/wp\/v2\/categories?post=9846"},{"taxonomy":"post_tag","embeddable":true,"href":"https:\/\/fdp-aktiv.de\/blog\/wp-json\/wp\/v2\/tags?post=9846"}],"curies":[{"name":"wp","href":"https:\/\/api.w.org\/{rel}","templated":true}]}}