{"id":9850,"date":"2023-03-02T09:21:12","date_gmt":"2023-03-02T08:21:12","guid":{"rendered":"https:\/\/fdp-aktiv.de\/blog\/?p=9850"},"modified":"2023-03-02T09:21:12","modified_gmt":"2023-03-02T08:21:12","slug":"saarland-hiesserich-peter-verbot-des-einbaus-neuer-gas-und-oelheizungen-verhindern","status":"publish","type":"post","link":"https:\/\/fdp-aktiv.de\/blog\/2023\/03\/02\/saarland-hiesserich-peter-verbot-des-einbaus-neuer-gas-und-oelheizungen-verhindern\/","title":{"rendered":"Saarland &#8211; Hie\u00dferich-Peter: Verbot des Einbaus neuer Gas- und \u00d6lheizungen verhindern"},"content":{"rendered":"<p>Der Gesetzesentwurf zum Verbot des Einbaus neuer Gas- und \u00d6lheizungen gehe an der Lebenswirklichkeit von Wirtschaft und Privathaushalten vollkommen vorbei, sagt Angelika Hie\u00dferich-Peter, stv. Landesvorsitzende der FDP Saar zu den Pl\u00e4nen von Bundeswirtschaftsminister Robert Habeck, der dies schon ab 2024 verbieten will. \u201eDas ist ein Angriff auf die deutsche Mittelschicht und auf den gesunden Menschenverstand\u201c, so Hie\u00dferich-Peter.<\/p>\n<figure id=\"attachment_2832\" aria-describedby=\"caption-attachment-2832\" style=\"width: 800px\" class=\"wp-caption aligncenter\"><a href=\"https:\/\/fdp-aktiv.de\/blog\/wp-content\/uploads\/2021\/10\/AHP-2561-akff.jpg\"><img loading=\"lazy\" decoding=\"async\" class=\"size-large wp-image-2832\" src=\"https:\/\/fdp-aktiv.de\/blog\/wp-content\/uploads\/2021\/10\/AHP-2561-akff-1024x681.jpg\" alt=\"\" width=\"800\" height=\"532\" srcset=\"https:\/\/fdp-aktiv.de\/blog\/wp-content\/uploads\/2021\/10\/AHP-2561-akff-1024x681.jpg 1024w, https:\/\/fdp-aktiv.de\/blog\/wp-content\/uploads\/2021\/10\/AHP-2561-akff-300x200.jpg 300w, https:\/\/fdp-aktiv.de\/blog\/wp-content\/uploads\/2021\/10\/AHP-2561-akff-768x511.jpg 768w, https:\/\/fdp-aktiv.de\/blog\/wp-content\/uploads\/2021\/10\/AHP-2561-akff-1536x1022.jpg 1536w, https:\/\/fdp-aktiv.de\/blog\/wp-content\/uploads\/2021\/10\/AHP-2561-akff.jpg 2000w\" sizes=\"auto, (max-width: 800px) 100vw, 800px\" \/><\/a><figcaption id=\"caption-attachment-2832\" class=\"wp-caption-text\">Angelika Hie\u00dferich-Peter<\/figcaption><\/figure>\n<p>Kurzfristig h\u00f6here Investitionskosten treffen junge Familien beim Erwerb von Wohneigentum besonders hart. \u201eZus\u00e4tzliche finanzielle Belastungen k\u00e4men damit zwangsl\u00e4ufig auch auf Mieterinnen und Mieter zu.\u201c Mit der \u00fcberst\u00fcrzten Gesetzesnovelle f\u00e4llt Bundesminister Habeck in die klassischen ideologischen Muster der Gr\u00fcnen zur\u00fcck, in denen auch vor einem generellen Verbot vom Neubau von Einfamilienh\u00e4usern nicht zur\u00fcckgeschreckt wird. Mit einem solchen Vorsto\u00df wird der Markt verdichtet und Hersteller sowie zus\u00e4tzlich Kunden unter Druck gesetzt. Deutliche Preissteigerungen im Baugewerbe sowie steigende Zinsen sind bereits jetzt eine hohe H\u00fcrde f\u00fcr Neubauprojekte. Es fehlt au\u00dferdem an einer guten Infrastruktur und vor allem an Fachkr\u00e4ften zur Installation neuer Anlagen. Die FDP Saar fordert einen marktkonformen und schrittweisen \u00dcbergang bis 2045 zu sinnvollen und f\u00fcr Eigenheimbesitzer tragbaren L\u00f6sungen, die ma\u00dfgeblich auf erneuerbaren Energien basieren.<\/p>\n","protected":false},"excerpt":{"rendered":"<p>Der Gesetzesentwurf zum Verbot des Einbaus neuer Gas- und \u00d6lheizungen gehe an der Lebenswirklichkeit von Wirtschaft und Privathaushalten vollkommen vorbei, sagt Angelika Hie\u00dferich-Peter, stv. Landesvorsitzende der FDP Saar zu den [&#8230;]<\/p>\n","protected":false},"author":1,"featured_media":0,"comment_status":"open","ping_status":"closed","sticky":false,"template":"","format":"standard","meta":{"footnotes":""},"categories":[1979,207],"tags":[965,708,3158,3153],"class_list":["post-9850","post","type-post","status-publish","format-standard","hentry","category-energie","category-familie-wohnen","tag-angelika-hiesserich-peter-2","tag-fdp-saar","tag-gasheizung","tag-heizungsverbot"],"_links":{"self":[{"href":"https:\/\/fdp-aktiv.de\/blog\/wp-json\/wp\/v2\/posts\/9850","targetHints":{"allow":["GET"]}}],"collection":[{"href":"https:\/\/fdp-aktiv.de\/blog\/wp-json\/wp\/v2\/posts"}],"about":[{"href":"https:\/\/fdp-aktiv.de\/blog\/wp-json\/wp\/v2\/types\/post"}],"author":[{"embeddable":true,"href":"https:\/\/fdp-aktiv.de\/blog\/wp-json\/wp\/v2\/users\/1"}],"replies":[{"embeddable":true,"href":"https:\/\/fdp-aktiv.de\/blog\/wp-json\/wp\/v2\/comments?post=9850"}],"version-history":[{"count":1,"href":"https:\/\/fdp-aktiv.de\/blog\/wp-json\/wp\/v2\/posts\/9850\/revisions"}],"predecessor-version":[{"id":9851,"href":"https:\/\/fdp-aktiv.de\/blog\/wp-json\/wp\/v2\/posts\/9850\/revisions\/9851"}],"wp:attachment":[{"href":"https:\/\/fdp-aktiv.de\/blog\/wp-json\/wp\/v2\/media?parent=9850"}],"wp:term":[{"taxonomy":"category","embeddable":true,"href":"https:\/\/fdp-aktiv.de\/blog\/wp-json\/wp\/v2\/categories?post=9850"},{"taxonomy":"post_tag","embeddable":true,"href":"https:\/\/fdp-aktiv.de\/blog\/wp-json\/wp\/v2\/tags?post=9850"}],"curies":[{"name":"wp","href":"https:\/\/api.w.org\/{rel}","templated":true}]}}