{"id":997,"date":"2021-04-14T13:13:58","date_gmt":"2021-04-14T11:13:58","guid":{"rendered":"https:\/\/fdp-aktiv.de\/blog\/?p=997"},"modified":"2021-04-14T13:14:12","modified_gmt":"2021-04-14T11:14:12","slug":"rechtsprofessor-aeussert-verfassungsbedenken-gegen-corona-notbremse","status":"publish","type":"post","link":"https:\/\/fdp-aktiv.de\/blog\/2021\/04\/14\/rechtsprofessor-aeussert-verfassungsbedenken-gegen-corona-notbremse\/","title":{"rendered":"Rechtsprofessor \u00e4u\u00dfert Verfassungsbedenken gegen Corona-Notbremse"},"content":{"rendered":"<figure style=\"width: 1900px\" class=\"wp-caption alignnone\"><img loading=\"lazy\" decoding=\"async\" src=\"https:\/\/www.aachener-nachrichten.de\/imgs\/41\/1\/0\/3\/2\/8\/9\/4\/9\/1\/tok_22c15e71bcdd30ce5168eb07237563d1\/w1900_h1263_x1500_y997_DPA_bfunk_dpa_5FA51A00D931841C-a79bab25d3def4c3.jpg\" alt=\"Vergr\u00f6\u00dferte Ansicht des angeklickten Bildes\" width=\"1900\" height=\"1263\" \/><figcaption class=\"wp-caption-text\">Das Bundeskabinett hatte am Dienstag die Bundes-Notbremse auf den Weg gebracht (Archivfoto). Foto: dpa\/Annegret Hilse<\/figcaption><\/figure>\n<p>&nbsp;<\/p>\n<p class=\"park-article__intro park-article__content\"><em class=\"park-article__dateline\">M\u00dcNSTER\/D\u00dcSSELDORF<\/em>\u00a0Ausgangssperren hat die Landesregierung in NRW bislang stets abgelehnt. Mit der Bundes-Notbremse w\u00fcrde sie aber auch hier greifen. Die FDP f\u00fchrt eine Rechtsexpertise dagegen ins Gefecht.<\/p>\n<section class=\"park-section-portal-right park-section-portal-right--is-floating\">\n<aside id=\"park-portal-644181059\" class=\"park-portal\" aria-hidden=\"true\" data-portal-id=\"rectangle\">\n<div id=\"rectangle\" class=\"sdgSlotHull sdgSlotContainer sdgSlotName-rectangle sdgResponded\"><\/div>\n<\/aside>\n<div class=\"park-section-portal-right__content\">\n<p>Der M\u00fcnsteraner Staatsrechtler Hinnerk Wi\u00dfmann hat verfassungsrechtliche Bedenken gegen die geplante bundesweite <a href=\"https:\/\/www.aachener-nachrichten.de\/thema\/coronavirus\/\">Coronavirus<\/a>-Notbremse. In einer juristischen Expertise im Auftrag der nordrhein-westf\u00e4lischen FDP-Landtagsfraktion, die der Deutschen Presse-Agentur in D\u00fcsseldorf vorliegt, kritisiert der Wissenschaftler \u201estatisch angeordnete Eingriffe in die B\u00fcrgerrechte\u201c.<\/p>\n<\/div>\n<\/section>\n<div class=\"park-article-content\">\n<p class=\"text\">In seiner Ad-hoc-Stellungnahme warnt der Wissenschaftler: \u201eDie weitreichendsten Beschr\u00e4nkungen von B\u00fcrgerrechten durch die Bundesregierung in der Geschichte der Bundesrepublik Deutschland &#8211; m\u00f6gliche Ausgangssperren f\u00fcr die gesamte Bev\u00f6lkerung, Beschr\u00e4nkung der h\u00e4uslichen Gemeinschaft &#8211; sollen nach 14 Monaten Pandemiebek\u00e4mpfung in einem Schnellverfahren eingef\u00fchrt werden\u201c. Es handle sich hier aber nicht um eine Notgesetzgebung, \u201edie angesichts einer pl\u00f6tzlichen Katastrophe unausweichlich in schnellster Frist zustandekommen muss\u201c, wandte er ein.<\/p>\n<\/div>\n<div class=\"park-article-content\">\n<p class=\"text\">Die Bundesregierung habe die aus seiner Sicht zweifelhafte Notwendigkeit in einer Formulierungshilfe zur \u00c4nderung des Infektionsschutzgesetzes zudem mit einer \u201epanik-affinen Vorrede\u201c begr\u00fcndet, kritisierte Wi\u00dfmann. dar\u00fcber hinaus w\u00e4re es notwendig, den \u201eAusnahmecharakter\u201c der Eingriffe hervorzuheben und diese zeitlich zu befristen.<\/p>\n<\/div>\n<div class=\"park-article-content\">\n<p class=\"text\">Das Bundeskabinett hatte am Dienstag die Bundes-Notbremse auf den Weg gebracht. In allen Kreisen und St\u00e4dten mit hohen Infektionswerten soll es k\u00fcnftig bundeseinheitliche Einschr\u00e4nkungen geben &#8211; unter anderem Ausgangssperren zwischen 21 und 5.00 Uhr. Daf\u00fcr soll das Infektionsschutzgesetz ge\u00e4ndert werden.<\/p>\n<\/div>\n<div class=\"park-article-content\">\n<aside class=\"park-inline-teaser-image-list\">\n<article class=\"park-teaser-image-list\">\n<header class=\"park-teaser-image-list__header\"><\/header>\n<article class=\"park-teaser-image-list-item \">\n<footer class=\"park-teaser-image-list-item__user-actions\">Die \u00c4nderungen sind als Einspruchsgesetz formuliert, was es f\u00fcr den Bundesrat schwerer macht, es aufzuhalten oder noch zu ver\u00e4ndern. Die L\u00e4nderkammer m\u00fcsste dazu den Vermittlungsausschuss anrufen. Dazu br\u00e4uchte es eine absolute Mehrheit.<\/footer>\n<\/article>\n<\/article>\n<\/aside>\n<\/div>\n<div class=\"park-article-content\">\n<p class=\"text\">Sollte das Gesetz dennoch im Bundesrat beraten werden, ist mit einer Enthaltung der CDU-FDP-Koalition Nordrhein-Westfalens zu rechnen. Die FDP will nicht f\u00fcr pauschale Ausgangssperren stimmen. Obwohl auch Ministerpr\u00e4sident Armin Laschet (CDU) Ausgangsverbote bislang stets abgelehnt hatte, hat sich der CDU-Bundeschef jetzt f\u00fcr eine schnelle bundeseinheitliche L\u00f6sung stark gemacht.<\/p>\n<\/div>\n<div class=\"park-article-content\">\n<p class=\"text\">\u201eEs gibt keinen verfassungsrechtlichen Sachzwang zur vorgeschlagenen Regelung\u201c, argumentiert Wi\u00dfmann in seiner Stellungnahme zu dem Gesetzentwurf. Die als Grundlage vorgesehene \u201eeindimensionale Festlegung auf eine gegriffene Inzidenzzahl (&#8230;) unterschreitet das verfassungsrechtlich gebotene Ma\u00df rationaler Gesetzgebung\u201c.<\/p>\n<\/div>\n<div class=\"park-article-content\">\n<p class=\"text\">Die Eignung der geplanten Ma\u00dfnahmen zur Eind\u00e4mmung der Pandemie sei zweifelhaft. So h\u00e4tten etwa Bayern und Baden-W\u00fcrttemberg &#8211; im Gegensatz zu Nordrhein-Westfalen &#8211; \u00fcber Monate strikte Kontaktbeschr\u00e4nkungen im privaten Raum und n\u00e4chtliche Ausgangssperren angewandt. \u201eEs ist nicht erkennbar, dass aus den Ma\u00dfnahmen tats\u00e4chlich wirksame Effekte bei der Infektionsbek\u00e4mpfung resultierten, da die Bundesl\u00e4nder keineswegs besser dastanden oder dastehen als NRW\u201c, bilanzierte der Jurist.<\/p>\n<\/div>\n<div class=\"park-article-content\">\n<p class=\"text\">\u201eVollst\u00e4ndig misslungen\u201c seien die Planungen im Schulbereich. Laut Gesetzentwurf soll Pr\u00e4senzunterricht verboten werden, einige Tage nachdem der Schwellenwert von 200 Neuinfektionen auf 100 000 Einwohner binnen sieben Tagen \u00fcberschritten ist &#8211; mit m\u00f6glichen Ausnahmen f\u00fcr Abschlussklassen und F\u00f6rderschulen. \u201eDie Untersagung des Schulbetriebs in Pr\u00e4senz \u00fcberschreitet in prinzipieller Weise den Sachbereich des Infektionsschutzrechts, weil damit den L\u00e4ndern eine eigene Gesetzgebungs- wie Verwaltungskompetenz aus den H\u00e4nden genommen wird\u201c, monierte Wi\u00dfmann.<\/p>\n<\/div>\n<h3>Original Content:<\/h3>\n<p><a href=\"https:\/\/www.aachener-nachrichten.de\/nrw-region\/rechtsprofessor-aeussert-verfassungsbedenken-gegen-corona-notbremse_aid-57335159\">Aachener Nachrichten<\/a>\u00a0 \u00a0&#8211;\u00a0 \u00a014.04.21\u00a0 \u00a0&#8211;\u00a0 \u00a013:00 Uhr<\/p>\n<p>&nbsp;<\/p>\n<h3>weitere Themen:<\/h3>\n<ul>\n<li><a title=\"FDP sagt Flut von Verfassungsklagen gegen Ausgangssperre voraus\" href=\"https:\/\/fdp-aktiv.de\/blog\/2021\/04\/14\/fdp-sagt-flut-von-verfassungsklagen-gegen-ausgangssperre-voraus\/\">FDP sagt Flut von Verfassungsklagen gegen Ausgangssperre voraus<\/a><\/li>\n<li><a title=\"FDP sagt Flut von Verfassungsklagen gegen Ausgangssperre voraus\" href=\"https:\/\/fdp-aktiv.de\/blog\/2021\/04\/14\/fdp-sagt-flut-von-verfassungsklagen-gegen-ausgangssperre-voraus\/\">FDP-Wahlprogramm 2021: E-Sport soll als Sport anerkannt werden<\/a><\/li>\n<\/ul>\n<p><!--more--><\/p>\n<p>&nbsp;<\/p>\n<p>&nbsp;<\/p>\n","protected":false},"excerpt":{"rendered":"<p>&nbsp; M\u00dcNSTER\/D\u00dcSSELDORF\u00a0Ausgangssperren hat die Landesregierung in NRW bislang stets abgelehnt. Mit der Bundes-Notbremse w\u00fcrde sie aber auch hier greifen. Die FDP f\u00fchrt eine Rechtsexpertise dagegen ins Gefecht. Der M\u00fcnsteraner Staatsrechtler [&#8230;]<\/p>\n","protected":false},"author":1,"featured_media":0,"comment_status":"open","ping_status":"closed","sticky":false,"template":"","format":"standard","meta":{"footnotes":""},"categories":[4,6,536],"tags":[81,13,542,579],"class_list":["post-997","post","type-post","status-publish","format-standard","hentry","category-covid-19","category-politik","category-sicherheit","tag-ausgangssperre","tag-fdp","tag-fdpaktiv","tag-hinnerk-wissmann"],"_links":{"self":[{"href":"https:\/\/fdp-aktiv.de\/blog\/wp-json\/wp\/v2\/posts\/997","targetHints":{"allow":["GET"]}}],"collection":[{"href":"https:\/\/fdp-aktiv.de\/blog\/wp-json\/wp\/v2\/posts"}],"about":[{"href":"https:\/\/fdp-aktiv.de\/blog\/wp-json\/wp\/v2\/types\/post"}],"author":[{"embeddable":true,"href":"https:\/\/fdp-aktiv.de\/blog\/wp-json\/wp\/v2\/users\/1"}],"replies":[{"embeddable":true,"href":"https:\/\/fdp-aktiv.de\/blog\/wp-json\/wp\/v2\/comments?post=997"}],"version-history":[{"count":2,"href":"https:\/\/fdp-aktiv.de\/blog\/wp-json\/wp\/v2\/posts\/997\/revisions"}],"predecessor-version":[{"id":999,"href":"https:\/\/fdp-aktiv.de\/blog\/wp-json\/wp\/v2\/posts\/997\/revisions\/999"}],"wp:attachment":[{"href":"https:\/\/fdp-aktiv.de\/blog\/wp-json\/wp\/v2\/media?parent=997"}],"wp:term":[{"taxonomy":"category","embeddable":true,"href":"https:\/\/fdp-aktiv.de\/blog\/wp-json\/wp\/v2\/categories?post=997"},{"taxonomy":"post_tag","embeddable":true,"href":"https:\/\/fdp-aktiv.de\/blog\/wp-json\/wp\/v2\/tags?post=997"}],"curies":[{"name":"wp","href":"https:\/\/api.w.org\/{rel}","templated":true}]}}